{"id":66454,"date":"2025-09-11T00:03:05","date_gmt":"2025-09-11T00:03:05","guid":{"rendered":"https:\/\/www.europesays.com\/pt\/66454\/"},"modified":"2025-09-11T00:03:05","modified_gmt":"2025-09-11T00:03:05","slug":"brasil-produzira-vacina-contra-virus-sincicial-respiratorio","status":"publish","type":"post","link":"https:\/\/www.europesays.com\/pt\/66454\/","title":{"rendered":"Brasil produzir\u00e1 vacina contra v\u00edrus sincicial respirat\u00f3rio"},"content":{"rendered":"<p>O Minist\u00e9rio da Sa\u00fade anunciou, nesta quarta-feira (10), uma parceria de transfer\u00eancia de tecnologia entre o Instituto Butantan e a farmac\u00eautica Pfizer para a<strong> produ\u00e7\u00e3o nacional da vacina contra o v\u00edrus sincicial respirat\u00f3rio (VSR), <\/strong>uma das principais causas de infec\u00e7\u00f5es respirat\u00f3rias graves em beb\u00eas, incluindo quadros de bronquiolite.<img\/><img\/><\/p>\n<p>A previs\u00e3o \u00e9 que as primeiras 1,8 milh\u00e3o de doses sejam entregues at\u00e9 o fim deste ano. Em fevereiro, a pasta j\u00e1 havia confirmado a\u00a0<a style=\"color: #1e3394; font-weight: bold;\">incorpora\u00e7\u00e3o do imunizante\u00a0<\/a>ao Sistema \u00danico de Sa\u00fade (SUS). Com o acordo,\u00a0<strong>a distribui\u00e7\u00e3o da vacina contra o VSR na rede p\u00fablica, para gestantes e beb\u00eas, deve come\u00e7ar na segunda quinzena de novembro<\/strong>.<\/p>\n<p>Devem ser imunizadas, por meio de dose \u00fanica, gestantes a partir da 28\u00aa semana de gravidez. A vacina\u00e7\u00e3o materna, segundo o minist\u00e9rio, favorece a transfer\u00eancia de anticorpos para o beb\u00ea, contribuindo para a prote\u00e7\u00e3o nos\u00a0<strong>primeiros meses de vida, per\u00edodo de maior vulnerabilidade ao VSR<\/strong>.<\/p>\n<p>&#8220;O VSR \u00e9 uma das maiores causas de hospitaliza\u00e7\u00f5es em UTI, nos primeiros 6 meses de vida e justamente nos primeiros meses o risco \u00e9 muito mais alto. Eu vejo muitas mulheres com medo, adiando as vacinas da gesta\u00e7\u00e3o, mas elas s\u00e3o seguras, n\u00e3o geram nenhuma m\u00e1 forma\u00e7\u00e3o, n\u00e3o trazem nenhum preju\u00edzo para a gravidez e tamb\u00e9m n\u00e3o oferecem risco de aborto ou parto prematuro&#8221;, esclarece a diretora da Sociedade Brasileira de Imuniza\u00e7\u00f5es Isabela Ballalai.<\/p>\n<p>De acordo com o minist\u00e9rio, o v\u00edrus \u00e9 respons\u00e1vel por 80% dos casos de bronquiolite e por 60% dos casos de pneumonias em crian\u00e7as menores de 2 anos. A cada cinco crian\u00e7as infectadas, uma precisa de atendimento ambulatorial e, em m\u00e9dia,\u00a0<strong>uma em cada 50 acaba hospitalizada no primeiro ano de vida<\/strong>.<\/p>\n<p>Dados da pasta mostram ainda que, no Brasil, cerca de 20 mil beb\u00eas menores de um\u00a0ano s\u00e3o internados anualmente. O risco \u00e9 mais elevado entre prematuros, cuja\u00a0<strong>taxa de mortalidade \u00e9 sete vezes maior do que em crian\u00e7as nascidas a termo \u2014 grupo que representa 12% dos nascimentos no pa\u00eds<\/strong>.<\/p>\n","protected":false},"excerpt":{"rendered":"O Minist\u00e9rio da Sa\u00fade anunciou, nesta quarta-feira (10), uma parceria de transfer\u00eancia de tecnologia entre o Instituto Butantan&hellip;\n","protected":false},"author":2,"featured_media":66455,"comment_status":"","ping_status":"","sticky":false,"template":"","format":"standard","meta":{"footnotes":""},"categories":[86],"tags":[18232,18233,6929,116,18234,12262,2879,32,18235,33,2946,117,9661,1333,18231],"class_list":{"0":"post-66454","1":"post","2":"type-post","3":"status-publish","4":"format-standard","5":"has-post-thumbnail","7":"category-saude","8":"tag-bebu00eas","9":"tag-bronquiolite","10":"tag-gestantes","11":"tag-health","12":"tag-imunizau00e7u00e3o","13":"tag-mortalidade","14":"tag-pneumonia","15":"tag-portugal","16":"tag-prematuros","17":"tag-pt","18":"tag-sau00fade","19":"tag-saude","20":"tag-uti","21":"tag-vacina","22":"tag-vu00edrus-sincicial-respiratu00f3rio"},"share_on_mastodon":{"url":"","error":""},"_links":{"self":[{"href":"https:\/\/www.europesays.com\/pt\/wp-json\/wp\/v2\/posts\/66454","targetHints":{"allow":["GET"]}}],"collection":[{"href":"https:\/\/www.europesays.com\/pt\/wp-json\/wp\/v2\/posts"}],"about":[{"href":"https:\/\/www.europesays.com\/pt\/wp-json\/wp\/v2\/types\/post"}],"author":[{"embeddable":true,"href":"https:\/\/www.europesays.com\/pt\/wp-json\/wp\/v2\/users\/2"}],"replies":[{"embeddable":true,"href":"https:\/\/www.europesays.com\/pt\/wp-json\/wp\/v2\/comments?post=66454"}],"version-history":[{"count":0,"href":"https:\/\/www.europesays.com\/pt\/wp-json\/wp\/v2\/posts\/66454\/revisions"}],"wp:featuredmedia":[{"embeddable":true,"href":"https:\/\/www.europesays.com\/pt\/wp-json\/wp\/v2\/media\/66455"}],"wp:attachment":[{"href":"https:\/\/www.europesays.com\/pt\/wp-json\/wp\/v2\/media?parent=66454"}],"wp:term":[{"taxonomy":"category","embeddable":true,"href":"https:\/\/www.europesays.com\/pt\/wp-json\/wp\/v2\/categories?post=66454"},{"taxonomy":"post_tag","embeddable":true,"href":"https:\/\/www.europesays.com\/pt\/wp-json\/wp\/v2\/tags?post=66454"}],"curies":[{"name":"wp","href":"https:\/\/api.w.org\/{rel}","templated":true}]}}