{"id":66466,"date":"2025-09-11T00:15:11","date_gmt":"2025-09-11T00:15:11","guid":{"rendered":"https:\/\/www.europesays.com\/pt\/66466\/"},"modified":"2025-09-11T00:15:11","modified_gmt":"2025-09-11T00:15:11","slug":"fury-guillermo-del-toro-anuncia-novo-filme-sombrio-com-oscar-isaac","status":"publish","type":"post","link":"https:\/\/www.europesays.com\/pt\/66466\/","title":{"rendered":"&#8216;Fury&#8217;: Guillermo del Toro anuncia novo filme sombrio com Oscar Isaac"},"content":{"rendered":"<p>O cineasta <strong>Guillermo del Toro<\/strong> est\u00e1 trabalhando em um novo e surpreendente projeto. Intitulado<strong> \u2018Fury\u2019<\/strong>, o filme ter\u00e1 <strong>Oscar Isaac<\/strong> no elenco e \u00e9 descrito pelo pr\u00f3prio diretor como \u201cuma vers\u00e3o assassina de \u2018My Dinner with Andre&#8217;\u201d.<\/p>\n<p>\u201cEstou escrevendo um projeto para fazer com o Oscar. Estou escrevendo agora mesmo, e o t\u00edtulo \u00e9 \u2018Fury&#8217;\u201d, disse <strong>del Toro<\/strong>, conforme o <a href=\"https:\/\/deadline.com\/2025\/09\/guillermo-del-toro-new-project-fury-oscar-isaac-tiff-1236512821\/\" rel=\"nofollow noopener\" target=\"_blank\">Deadline<\/a>. Essencialmente, ele retoma os aspectos de suspense de \u2018O Beco do Pesadelo\u2019, muito cruel, muito violento. \u00c9 como \u2018My Dinner with Andre\u2019, mas matando pessoas a cada prato\u201d.<\/p>\n<p><a href=\"https:\/\/cinepop.com.br\/guillermo-del-toro-fala-sobre-os-perigos-da-inteligencia-artificial-689695\/\" rel=\"nofollow noopener\" target=\"_blank\">Guillermo del Toro fala sobre os perigos da intelig\u00eancia artificial<\/a><\/p>\n<p><strong>Del Toro<\/strong>, que recentemente completou 60 anos, explicou o que o atraiu para o novo projeto.<\/p>\n<p>\u201cPorque estou muito interessado na viol\u00eancia que infligimos uns aos outros, com a mente, com a alma e fisicamente. E acho que s\u00e3o novas quest\u00f5es que estou levantando; tenho 60 anos agora, ent\u00e3o passei de perguntar para onde estou indo e de ser pai e filho para experimentar o arrependimento. Estou na d\u00e9cada do arrependimento, ent\u00e3o podem esperar muito arrependimento\u201d, concluiu.<\/p>\n<p><a href=\"https:\/\/cinepop.com.br\/oscar-isaac-comenta-sobre-possibilidade-de-entrar-para-o-universo-da-dc-471791\/\" rel=\"nofollow noopener\" target=\"_blank\">Oscar Isaac comenta sobre possibilidade de entrar para o Universo da DC<\/a><\/p>\n<p><img fetchpriority=\"high\" decoding=\"async\" class=\"alignnone wp-image-401191 size-large\" src=\"https:\/\/www.europesays.com\/pt\/wp-content\/uploads\/2025\/09\/oscar-isaac-1024x683.webp.webp\" alt=\"\" width=\"696\" height=\"464\"  \/><\/p>\n","protected":false},"excerpt":{"rendered":"O cineasta Guillermo del Toro est\u00e1 trabalhando em um novo e surpreendente projeto. Intitulado \u2018Fury\u2019, o filme ter\u00e1&hellip;\n","protected":false},"author":2,"featured_media":66467,"comment_status":"","ping_status":"","sticky":false,"template":"","format":"standard","meta":{"footnotes":""},"categories":[140],"tags":[114,115,147,148,18240,3713,146,18241,18242,18243,32,33],"class_list":{"0":"post-66466","1":"post","2":"type-post","3":"status-publish","4":"format-standard","5":"has-post-thumbnail","7":"category-filmes","8":"tag-entertainment","9":"tag-entretenimento","10":"tag-film","11":"tag-filmes","12":"tag-fury","13":"tag-guillermo-del-toro","14":"tag-movies","15":"tag-my-dinner-with-andre","16":"tag-o-beco-do-pesadelo","17":"tag-oscar-isaac","18":"tag-portugal","19":"tag-pt"},"share_on_mastodon":{"url":"","error":""},"_links":{"self":[{"href":"https:\/\/www.europesays.com\/pt\/wp-json\/wp\/v2\/posts\/66466","targetHints":{"allow":["GET"]}}],"collection":[{"href":"https:\/\/www.europesays.com\/pt\/wp-json\/wp\/v2\/posts"}],"about":[{"href":"https:\/\/www.europesays.com\/pt\/wp-json\/wp\/v2\/types\/post"}],"author":[{"embeddable":true,"href":"https:\/\/www.europesays.com\/pt\/wp-json\/wp\/v2\/users\/2"}],"replies":[{"embeddable":true,"href":"https:\/\/www.europesays.com\/pt\/wp-json\/wp\/v2\/comments?post=66466"}],"version-history":[{"count":0,"href":"https:\/\/www.europesays.com\/pt\/wp-json\/wp\/v2\/posts\/66466\/revisions"}],"wp:featuredmedia":[{"embeddable":true,"href":"https:\/\/www.europesays.com\/pt\/wp-json\/wp\/v2\/media\/66467"}],"wp:attachment":[{"href":"https:\/\/www.europesays.com\/pt\/wp-json\/wp\/v2\/media?parent=66466"}],"wp:term":[{"taxonomy":"category","embeddable":true,"href":"https:\/\/www.europesays.com\/pt\/wp-json\/wp\/v2\/categories?post=66466"},{"taxonomy":"post_tag","embeddable":true,"href":"https:\/\/www.europesays.com\/pt\/wp-json\/wp\/v2\/tags?post=66466"}],"curies":[{"name":"wp","href":"https:\/\/api.w.org\/{rel}","templated":true}]}}