{"id":66500,"date":"2025-09-11T01:00:12","date_gmt":"2025-09-11T01:00:12","guid":{"rendered":"https:\/\/www.europesays.com\/pt\/66500\/"},"modified":"2025-09-11T01:00:12","modified_gmt":"2025-09-11T01:00:12","slug":"escritor-afonso-reis-cabral-no-primeiro-dia-de-feira-do-livro-de-beja-2025-radio-voz-da-planicie-104-5fm","status":"publish","type":"post","link":"https:\/\/www.europesays.com\/pt\/66500\/","title":{"rendered":"Escritor Afonso Reis Cabral no primeiro dia de Feira do Livro de Beja 2025 | R\u00e1dio Voz da Plan\u00edcie &#8211; 104.5FM"},"content":{"rendered":"<p>\n                                A programa\u00e7\u00e3o da Feira do Livro iniciou-se ontem, dia 10 de Setembro, \u00e0s 18h30, com a inaugura\u00e7\u00e3o da exposi\u00e7\u00e3o da artista pl\u00e1stica de Castro Verde, Ana Tenente, intitulada Rua das Quatro D\u00fazias de Ovos. Esta exposi\u00e7\u00e3o vai estar patente na sua Biblioteca at\u00e9 31 de Dezembro. Hoje, dia 11 de setembro, o programa \u00e9 vasto e contempla v\u00e1rias propostas para os diferentes espa\u00e7os da feira, na Rua Capit\u00e3o Jo\u00e3o Francisco de Sousa, em Beja. Nesta not\u00edcia divulgamos as atividades pensadas para o Espa\u00e7o Escritores.\n                            <\/p>\n<p>A programa\u00e7\u00e3o da Feira do Livro de Beja \u00e9 dividida por v\u00e1rios espa\u00e7os: Audit\u00f3rio Escritores, Audit\u00f3rio Espet\u00e1culos, Espa\u00e7o Leitores, Espa\u00e7o Pais e Filhos, Consult\u00f3rio Liter\u00e1rio, Biblioteca e Artes de Rua.<\/p>\n<p>Programa agendado para o primeiro dia de feira, 11de setembro, para o Audit\u00f3rio Escritores:<\/p>\n<p><b>17h00&#13;<br \/>\n<\/b><\/p>\n<p>Palavra Falada&#13;\n<\/p>\n<p>com Maria Caetano Vilalobos&#13;\n<\/p>\n<p><b>18h00&#13;<br \/>\n<\/b><\/p>\n<p>Afonso Reis Cabral&#13;\n<\/p>\n<p>\u00e0 conversa com Maria Lu\u00edsa Francisco&#13;\n<\/p>\n<p><b>19h00&#13;<br \/>\n<\/b><\/p>\n<p>Pr\u00e9mios Liter\u00e1rios&#13;\n<\/p>\n<p>Lan\u00e7amento da 5\u00aa edi\u00e7\u00e3o do Pr\u00e9mio Liter\u00e1rio Joaquim Figueira Mestre&#13;\n<\/p>\n<p>(ASSESTA, CMB, CCDRA-Cultura)&#13;\n<\/p>\n<p>Lan\u00e7amento do Pr\u00e9mio Liter\u00e1rio e de Ilustra\u00e7\u00e3o Infantil e Juvenil ASSESTA\/ IP2N4-ART &#13;\n<\/p>\n<p>(CIMBAL\/ASSESTA\/IP2N4-ART)&#13;\n<\/p>\n<p>com a participa\u00e7\u00e3o de Lu\u00eds Miguel Ricardo, Ana Paula Amendoeira, Joaquim Rosa (IP2N4-ART) e representante da CIMBAL&#13;\n<\/p>\n<p>org. conjunta com a ASSESTA &#8211; Associa\u00e7\u00e3o de Escritores do Alentejo&#13;\n<\/p>\n<p><b>19h30&#13;<br \/>\n<\/b><\/p>\n<p>Tert\u00falia &#8211; Os pr\u00e9mios liter\u00e1rios e a promo\u00e7\u00e3o da escrita e da leitura&#13;\n<\/p>\n<p>com a participa\u00e7\u00e3o de escritores vencedores dos pr\u00e9mios liter\u00e1rios ASSESTA&#13;\n<\/p>\n<p>\u00e0 conversa com Lu\u00eds Miguel Ricardo&#13;\n<\/p>\n<p>org. conjunta com a ASSESTA &#8211; Associa\u00e7\u00e3o de Escritores do Alentejo.<\/p>\n","protected":false},"excerpt":{"rendered":"A programa\u00e7\u00e3o da Feira do Livro iniciou-se ontem, dia 10 de Setembro, \u00e0s 18h30, com a inaugura\u00e7\u00e3o da&hellip;\n","protected":false},"author":2,"featured_media":54727,"comment_status":"","ping_status":"","sticky":false,"template":"","format":"standard","meta":{"footnotes":""},"categories":[143],"tags":[288,4261,4266,4262,836,611,260,4267,1564,169,3702,109,470,2535,315,135,476,114,115,4268,2085,524,294,170,352,4263,606,4269,3001,53,13,4282,4280,4281,4279,4278,4276,4277,4283,4284,4275,4274,4273,4264,3048,835,4270,52,32,33,766,3551,679,4265,58,110,2512,30,578,4271],"class_list":{"0":"post-66500","1":"post","2":"type-post","3":"status-publish","4":"format-standard","5":"has-post-thumbnail","7":"category-livros","8":"tag-alentejo","9":"tag-aljustrel","10":"tag-almodovar","11":"tag-alvito","12":"tag-analise","13":"tag-ao-minuto","14":"tag-atualidade","15":"tag-barrancos","16":"tag-beja","17":"tag-books","18":"tag-castro-verde","19":"tag-ciencia","20":"tag-cinema","21":"tag-cuba","22":"tag-cultura","23":"tag-desporto","24":"tag-economia","25":"tag-entertainment","26":"tag-entretenimento","27":"tag-ferreira-do-alentejo","28":"tag-fotografia","29":"tag-futebol","30":"tag-lazer","31":"tag-livros","32":"tag-local","33":"tag-mertola","34":"tag-meteorologia","35":"tag-moura","36":"tag-multimedia","37":"tag-newsletters","38":"tag-noticias","39":"tag-noticias-de-ciencia","40":"tag-noticias-de-cultura","41":"tag-noticias-de-desporto","42":"tag-noticias-de-economia","43":"tag-noticias-de-local","44":"tag-noticias-de-politica","45":"tag-noticias-de-sociedade","46":"tag-noticias-de-tecnologia","47":"tag-noticias-em-portugues","48":"tag-noticias-mais-lidas","49":"tag-noticias-mais-partilhadas","50":"tag-noticias-populares","51":"tag-odemira","52":"tag-online","53":"tag-opiniao","54":"tag-ourique","55":"tag-politica","56":"tag-portugal","57":"tag-pt","58":"tag-radio","59":"tag-regiao","60":"tag-reportagem","61":"tag-serpa","62":"tag-sociedade","63":"tag-tecnologia","64":"tag-ultima-hora","65":"tag-ultimas-noticias","66":"tag-video","67":"tag-vidigueira"},"share_on_mastodon":{"url":"","error":""},"_links":{"self":[{"href":"https:\/\/www.europesays.com\/pt\/wp-json\/wp\/v2\/posts\/66500","targetHints":{"allow":["GET"]}}],"collection":[{"href":"https:\/\/www.europesays.com\/pt\/wp-json\/wp\/v2\/posts"}],"about":[{"href":"https:\/\/www.europesays.com\/pt\/wp-json\/wp\/v2\/types\/post"}],"author":[{"embeddable":true,"href":"https:\/\/www.europesays.com\/pt\/wp-json\/wp\/v2\/users\/2"}],"replies":[{"embeddable":true,"href":"https:\/\/www.europesays.com\/pt\/wp-json\/wp\/v2\/comments?post=66500"}],"version-history":[{"count":0,"href":"https:\/\/www.europesays.com\/pt\/wp-json\/wp\/v2\/posts\/66500\/revisions"}],"wp:featuredmedia":[{"embeddable":true,"href":"https:\/\/www.europesays.com\/pt\/wp-json\/wp\/v2\/media\/54727"}],"wp:attachment":[{"href":"https:\/\/www.europesays.com\/pt\/wp-json\/wp\/v2\/media?parent=66500"}],"wp:term":[{"taxonomy":"category","embeddable":true,"href":"https:\/\/www.europesays.com\/pt\/wp-json\/wp\/v2\/categories?post=66500"},{"taxonomy":"post_tag","embeddable":true,"href":"https:\/\/www.europesays.com\/pt\/wp-json\/wp\/v2\/tags?post=66500"}],"curies":[{"name":"wp","href":"https:\/\/api.w.org\/{rel}","templated":true}]}}