{"id":66579,"date":"2025-09-11T02:43:09","date_gmt":"2025-09-11T02:43:09","guid":{"rendered":"https:\/\/www.europesays.com\/pt\/66579\/"},"modified":"2025-09-11T02:43:09","modified_gmt":"2025-09-11T02:43:09","slug":"ciclistas-ameacam-neutralizacao-se-houver-mais-protestos-observador","status":"publish","type":"post","link":"https:\/\/www.europesays.com\/pt\/66579\/","title":{"rendered":"Ciclistas amea\u00e7am neutraliza\u00e7\u00e3o se houver mais protestos \u2013 Observador"},"content":{"rendered":"<p>Os ciclistas da Volta a Espanha amea\u00e7aram esta quarta-feira obrigar \u00e0 neutraliza\u00e7\u00e3o da 17.\u00aa etapa, <a href=\"https:\/\/observador.pt\/2025\/09\/03\/a-emocao-tera-de-ficar-guardada-para-o-angliru-etapa-de-bilbau-teve-espetaculo-mas-acabou-sem-vencedor-devido-a-protestos\/\" rel=\"nofollow noopener\" target=\"_blank\">ap\u00f3s alguns incidentes com manifestantes pr\u00f3-Palestina<\/a>, sentindo-se como \u201cpe\u00f5es num grande jogo de xadrez\u201d.<\/p>\n<p>Ap\u00f3s uma reuni\u00e3o entre representantes das v\u00e1rias equipas presentes na 80.\u00aa edi\u00e7\u00e3o da Vuelta e elementos da Associa\u00e7\u00e3o de Ciclistas Profissionais (CPA), o australiano Jack Haig foi o porta-voz e assumiu que os ciclistas podem parar a etapa desta quarta-feira, que liga O Barco de Valdeorras e o Alto de El Morredero (143,2 quil\u00f3metros).<\/p>\n<p>\u201cDecidimos que, se houver um incidente, vamos tentar neutralizar a corrida e vai ficar assim, <strong>porque terminar uma corrida numa linha de meta indefinida n\u00e3o \u00e9 justo\u201d<\/strong>, disse o ciclista da Bahrain-Victorius.<\/p>\n<p>Duas etapas, entre as quais a de ter\u00e7a-feira, foram encurtadas, com os tempos a serem tirados a v\u00e1rios quil\u00f3metros da meta, depois de a organiza\u00e7\u00e3o concluir que n\u00e3o era seguro os ciclistas seguirem at\u00e9 ao final, devido aos protestos de organiza\u00e7\u00f5es que se manifestam a favor da paz na Palestina, <strong>com o grande alvo a ser a equipa Israel-Premier Tech.<\/strong><\/p>\n<p><a href=\"https:\/\/observador.pt\/2025\/09\/09\/a-redencao-de-egan-num-espectaculo-que-ficou-em-suspenso-fuga-voltou-a-triunfar-e-vingegaard-furou-em-mais-uma-etapa-marcada-por-protestos\/\" rel=\"nofollow noopener\" target=\"_blank\">Na ter\u00e7a-feira<\/a>, uma \u00e1rvore foi cortada no percurso da 16.\u00aa etapa e foram atirados pioneses aos ciclistas, com Haig a considerar que se est\u00e1 \u201ca tornar um pouco desconfort\u00e1vel\u201d, pois s\u00e3o atos que parecem querer \u201cdeliberadamente magoar\u201d os corredores.<\/p>\n<p><strong>\u201cInfelizmente, estamos a ser apanhados no meio de algo que nem sequer nos envolve<\/strong> e, neste momento, somos apenas uma esp\u00e9cie de pe\u00f5es num grande jogo de xadrez, que, infelizmente, nos est\u00e1 a afetar\u201d, referiu o australiano.<\/p>\n<p>Contudo, Haig garante que esta medida de neutralizar a etapa foi apenas tomada para esta quarta-feira e que vai haver reuni\u00f5es antes das restantes etapas, assegurando que \u201ctodos gostariam de chegar a Madrid\u201d, onde dever\u00e1 acabar a Vuelta no domingo, <strong>mas que isso tem de ser feito \u201cde forma justa e em que os ciclistas estejam seguros\u201d.<\/strong><\/p>\n<p>O dinamarqu\u00eas Jonas Vingeegard, l\u00edder da corrida, admitiu estar um \u201cpouco do outro lado\u201d desta posi\u00e7\u00e3o de for\u00e7a dos ciclistas, embora tenha sido atingido com um l\u00edquido na cabe\u00e7a, que \u201ccheirava horrivelmente\u201d.<\/p>\n<p>\u201cAcho que estou um pouco do outro lado. Adoraria correr toda a etapa, mas \u00e9 certo que como ciclistas lev\u00e1mos muitos anos sem nos unirmos. <strong>Se a maioria disse que o faremos assim, ent\u00e3o estou de acordo.<\/strong> Lev\u00e1mos muitos anos sem ter essa claridade\u201d, assumiu o ciclista da Visma-Lease a bike.<\/p>\n<p>Vingegaard lidera a Volta a Espanha com 48 segundos de avan\u00e7o sobre o portugu\u00eas Jo\u00e3o Almeida (UAE Emirates), segundo, e 2.38 minutos sobre o brit\u00e2nico Thomas Pidcock (Q36.5), terceiro.<\/p>\n","protected":false},"excerpt":{"rendered":"Os ciclistas da Volta a Espanha amea\u00e7aram esta quarta-feira obrigar \u00e0 neutraliza\u00e7\u00e3o da 17.\u00aa etapa, ap\u00f3s alguns incidentes&hellip;\n","protected":false},"author":2,"featured_media":66580,"comment_status":"","ping_status":"","sticky":false,"template":"","format":"standard","meta":{"footnotes":""},"categories":[87],"tags":[1342,135,32,33,134,11279],"class_list":{"0":"post-66579","1":"post","2":"type-post","3":"status-publish","4":"format-standard","5":"has-post-thumbnail","7":"category-desporto","8":"tag-ciclismo","9":"tag-desporto","10":"tag-portugal","11":"tag-pt","12":"tag-sports","13":"tag-volta-a-espanha"},"share_on_mastodon":{"url":"","error":""},"_links":{"self":[{"href":"https:\/\/www.europesays.com\/pt\/wp-json\/wp\/v2\/posts\/66579","targetHints":{"allow":["GET"]}}],"collection":[{"href":"https:\/\/www.europesays.com\/pt\/wp-json\/wp\/v2\/posts"}],"about":[{"href":"https:\/\/www.europesays.com\/pt\/wp-json\/wp\/v2\/types\/post"}],"author":[{"embeddable":true,"href":"https:\/\/www.europesays.com\/pt\/wp-json\/wp\/v2\/users\/2"}],"replies":[{"embeddable":true,"href":"https:\/\/www.europesays.com\/pt\/wp-json\/wp\/v2\/comments?post=66579"}],"version-history":[{"count":0,"href":"https:\/\/www.europesays.com\/pt\/wp-json\/wp\/v2\/posts\/66579\/revisions"}],"wp:featuredmedia":[{"embeddable":true,"href":"https:\/\/www.europesays.com\/pt\/wp-json\/wp\/v2\/media\/66580"}],"wp:attachment":[{"href":"https:\/\/www.europesays.com\/pt\/wp-json\/wp\/v2\/media?parent=66579"}],"wp:term":[{"taxonomy":"category","embeddable":true,"href":"https:\/\/www.europesays.com\/pt\/wp-json\/wp\/v2\/categories?post=66579"},{"taxonomy":"post_tag","embeddable":true,"href":"https:\/\/www.europesays.com\/pt\/wp-json\/wp\/v2\/tags?post=66579"}],"curies":[{"name":"wp","href":"https:\/\/api.w.org\/{rel}","templated":true}]}}