{"id":66589,"date":"2025-09-11T02:57:13","date_gmt":"2025-09-11T02:57:13","guid":{"rendered":"https:\/\/www.europesays.com\/pt\/66589\/"},"modified":"2025-09-11T02:57:13","modified_gmt":"2025-09-11T02:57:13","slug":"benfica-continua-a-faturar-com-orkun-kokcu","status":"publish","type":"post","link":"https:\/\/www.europesays.com\/pt\/66589\/","title":{"rendered":"Benfica continua a faturar com Orkun Kok\u00e7u"},"content":{"rendered":"<p><strong>Orkun Kok\u00e7u deixou de ser jogador do Benfica no \u00faltimo mercado, mas o m\u00e9dio continua a dar dinheiro ao emblema da Luz.<\/strong><\/p>\n<p>O Besiktas contratou Orkun Kok\u00e7u no \u00faltimo mercado de transfer\u00eancias por 25 milh\u00f5es de euros, mas a mudan\u00e7a j\u00e1 rendeu 30 milh\u00f5es de euros ao Benfica, j\u00e1 que objetivos do acordo entre as duas partes j\u00e1 foram ativados, ap\u00f3s a s\u00e9tima partida do m\u00e9dio pela forma\u00e7\u00e3o de Istambul.<\/p>\n<p>Nuno Catarino, CFO do emblema das \u00e1guias, assumiu que n\u00e3o existe qualquer risco nos neg\u00f3cios realizados por Orkun Kok\u00e7u e <a href=\"https:\/\/bolanarede.pt\/etiqueta\/kerem-akturkoglu\/\" target=\"_blank\" rel=\"noreferrer noopener nofollow\">Kerem Akturkoglu<\/a>:<\/p>\n<p>\u00abFazemos avalia\u00e7\u00e3o de risco, nunca tivemos um problema com o Besiktas, fizemos neg\u00f3cios com os maiores clubes da Turquia\u00bb.<\/p>\n<p>Orkun Kok\u00e7u ainda n\u00e3o se estreou a marcar pelo Besiktas esta \u00e9poca. Esta \u00e9 a sua primeira aventura no seu pa\u00eds de origem depois de passagens por Portugal e Pa\u00edses Baixos.<\/p>\n","protected":false},"excerpt":{"rendered":"Orkun Kok\u00e7u deixou de ser jogador do Benfica no \u00faltimo mercado, mas o m\u00e9dio continua a dar dinheiro&hellip;\n","protected":false},"author":2,"featured_media":66590,"comment_status":"","ping_status":"","sticky":false,"template":"","format":"standard","meta":{"footnotes":""},"categories":[87],"tags":[260,51,437,135,478,18262,32,479,33,134],"class_list":{"0":"post-66589","1":"post","2":"type-post","3":"status-publish","4":"format-standard","5":"has-post-thumbnail","7":"category-desporto","8":"tag-atualidade","9":"tag-benfica","10":"tag-besiktas","11":"tag-desporto","12":"tag-destaques-bnr","13":"tag-orkun-kokcu","14":"tag-portugal","15":"tag-primeira-liga","16":"tag-pt","17":"tag-sports"},"share_on_mastodon":{"url":"","error":""},"_links":{"self":[{"href":"https:\/\/www.europesays.com\/pt\/wp-json\/wp\/v2\/posts\/66589","targetHints":{"allow":["GET"]}}],"collection":[{"href":"https:\/\/www.europesays.com\/pt\/wp-json\/wp\/v2\/posts"}],"about":[{"href":"https:\/\/www.europesays.com\/pt\/wp-json\/wp\/v2\/types\/post"}],"author":[{"embeddable":true,"href":"https:\/\/www.europesays.com\/pt\/wp-json\/wp\/v2\/users\/2"}],"replies":[{"embeddable":true,"href":"https:\/\/www.europesays.com\/pt\/wp-json\/wp\/v2\/comments?post=66589"}],"version-history":[{"count":0,"href":"https:\/\/www.europesays.com\/pt\/wp-json\/wp\/v2\/posts\/66589\/revisions"}],"wp:featuredmedia":[{"embeddable":true,"href":"https:\/\/www.europesays.com\/pt\/wp-json\/wp\/v2\/media\/66590"}],"wp:attachment":[{"href":"https:\/\/www.europesays.com\/pt\/wp-json\/wp\/v2\/media?parent=66589"}],"wp:term":[{"taxonomy":"category","embeddable":true,"href":"https:\/\/www.europesays.com\/pt\/wp-json\/wp\/v2\/categories?post=66589"},{"taxonomy":"post_tag","embeddable":true,"href":"https:\/\/www.europesays.com\/pt\/wp-json\/wp\/v2\/tags?post=66589"}],"curies":[{"name":"wp","href":"https:\/\/api.w.org\/{rel}","templated":true}]}}