{"id":66595,"date":"2025-09-11T03:08:25","date_gmt":"2025-09-11T03:08:25","guid":{"rendered":"https:\/\/www.europesays.com\/pt\/66595\/"},"modified":"2025-09-11T03:08:25","modified_gmt":"2025-09-11T03:08:25","slug":"eis-o-video-do-acontecimento-que-vai-transformar-a-vida-de-vitoria-num-verdadeiro-pesadelo","status":"publish","type":"post","link":"https:\/\/www.europesays.com\/pt\/66595\/","title":{"rendered":"Eis o v\u00eddeo do acontecimento que vai transformar a vida de Vit\u00f3ria num verdadeiro pesadelo"},"content":{"rendered":"<p>A esta\u00e7\u00e3o de Pa\u00e7o de Arcos e o Disney+ juntaram for\u00e7as para lan\u00e7ar \u201c<strong>Vit\u00f3ria<\/strong>\u201d em estreia \u00fanica e multi-plataforma (saiba mais <a href=\"https:\/\/www.atelevisao.com\/sic\/claudia-vieira-protagoniza-vitoria-a-primeira-novela-portuguesa-a-estrear-no-disney\/\" rel=\"nofollow noopener\" target=\"_blank\">aqui<\/a>).<\/p>\n<p>A hist\u00f3ria fala de uma m\u00e3e, interpretada por\u00a0<a href=\"https:\/\/www.instagram.com\/claudiavieiraoficial\/\" target=\"_blank\" rel=\"noreferrer noopener nofollow\">Cl\u00e1udia Vieira<\/a>, que, ap\u00f3s a morte misteriosa do marido, enfrenta uma poderosa fam\u00edlia para recuperar os filhos, numa narrativa marcada por coragem, resili\u00eancia e amor.<\/p>\n<p>Na rede social Instagram, \u00e0 instantes, a SIC partilhou um excerto do come\u00e7o da novela.<\/p>\n<p>\u201c<strong>A partir daqui nada ser\u00e1 igual\u2026 Este \u00e9 o acontecimento que vai transformar a vida de Vit\u00f3ria num verdadeiro pesadelo \ud83d\ude27<\/strong>\u201c, escreveram na legenda.<\/p>\n<p>Ora veja:<\/p>\n<p><script async src=\"\/\/www.instagram.com\/embed.js\"><\/script><\/p>\n","protected":false},"excerpt":{"rendered":"A esta\u00e7\u00e3o de Pa\u00e7o de Arcos e o Disney+ juntaram for\u00e7as para lan\u00e7ar \u201cVit\u00f3ria\u201d em estreia \u00fanica e&hellip;\n","protected":false},"author":2,"featured_media":66596,"comment_status":"","ping_status":"","sticky":false,"template":"","format":"standard","meta":{"footnotes":""},"categories":[142],"tags":[114,115,32,33,151],"class_list":{"0":"post-66595","1":"post","2":"type-post","3":"status-publish","4":"format-standard","5":"has-post-thumbnail","7":"category-tv","8":"tag-entertainment","9":"tag-entretenimento","10":"tag-portugal","11":"tag-pt","12":"tag-tv"},"share_on_mastodon":{"url":"","error":""},"_links":{"self":[{"href":"https:\/\/www.europesays.com\/pt\/wp-json\/wp\/v2\/posts\/66595","targetHints":{"allow":["GET"]}}],"collection":[{"href":"https:\/\/www.europesays.com\/pt\/wp-json\/wp\/v2\/posts"}],"about":[{"href":"https:\/\/www.europesays.com\/pt\/wp-json\/wp\/v2\/types\/post"}],"author":[{"embeddable":true,"href":"https:\/\/www.europesays.com\/pt\/wp-json\/wp\/v2\/users\/2"}],"replies":[{"embeddable":true,"href":"https:\/\/www.europesays.com\/pt\/wp-json\/wp\/v2\/comments?post=66595"}],"version-history":[{"count":0,"href":"https:\/\/www.europesays.com\/pt\/wp-json\/wp\/v2\/posts\/66595\/revisions"}],"wp:featuredmedia":[{"embeddable":true,"href":"https:\/\/www.europesays.com\/pt\/wp-json\/wp\/v2\/media\/66596"}],"wp:attachment":[{"href":"https:\/\/www.europesays.com\/pt\/wp-json\/wp\/v2\/media?parent=66595"}],"wp:term":[{"taxonomy":"category","embeddable":true,"href":"https:\/\/www.europesays.com\/pt\/wp-json\/wp\/v2\/categories?post=66595"},{"taxonomy":"post_tag","embeddable":true,"href":"https:\/\/www.europesays.com\/pt\/wp-json\/wp\/v2\/tags?post=66595"}],"curies":[{"name":"wp","href":"https:\/\/api.w.org\/{rel}","templated":true}]}}