{"id":66597,"date":"2025-09-11T03:09:16","date_gmt":"2025-09-11T03:09:16","guid":{"rendered":"https:\/\/www.europesays.com\/pt\/66597\/"},"modified":"2025-09-11T03:09:16","modified_gmt":"2025-09-11T03:09:16","slug":"antes-do-the-town-katy-perry-mostra-camisa-da-selecao-argentina-e-diz-os-brasileiros-vao-ficar-bravos","status":"publish","type":"post","link":"https:\/\/www.europesays.com\/pt\/66597\/","title":{"rendered":"Antes do The Town, Katy Perry mostra camisa da sele\u00e7\u00e3o argentina e diz &#8216;os brasileiros v\u00e3o ficar bravos&#8217;"},"content":{"rendered":"<p style=\"text-align: justify;\">Faltam poucos dias para a apresenta\u00e7\u00e3o de<strong> Katy Perry no The Town<\/strong>. A cantora encerra o<strong> festival no Skyline<\/strong>, palco principal do evento, neste domingo (14). <\/p>\n<p style=\"text-align: justify;\">Antes da chegada ao Brasil, a cantora se apresentou no <strong>Chile e na Argentina<\/strong>. Na noite desta ter\u00e7a-feira (9), em Buenos Aires, a artista cantou um trecho de <strong>&#8220;Don&#8217;t Cry for Me Argentina&#8221; e levantou a camisa da sele\u00e7\u00e3o argentina. <\/strong><\/p>\n<blockquote class=\"twitter-tweet\">\n<p lang=\"pt\" dir=\"ltr\">Katy Perry cantou Don\u2019t Cry for Me Argentina com a camisa da sele\u00e7\u00e3o em Buenos Aires.<\/p>\n<p>\u201cOs brasileiros v\u00e3o ficar t\u00e3o bravos.\u201d \ud83d\ude44<\/p>\n<p><a href=\"https:\/\/t.co\/CjQaOzm7ml\" rel=\"nofollow\">pic.twitter.com\/CjQaOzm7ml<\/a><\/p>\n<p>\u2014 Portal Katy Perry (@portalkatyperry) <a href=\"https:\/\/twitter.com\/portalkatyperry\/status\/1965591602640159048?ref_src=twsrc%5Etfw\" rel=\"nofollow noopener\" target=\"_blank\">September 10, 2025<\/a><\/p><\/blockquote>\n<p style=\"text-align: justify;\">&#8220;Os brasileiros v\u00e3o ficar muito bravos! Mas n\u00f3s ainda n\u00e3o chegamos l\u00e1, ent\u00e3o por enquanto, ainda podemos ser time Argentina. Apenas n\u00e3o contem aos brasileiros&#8221;, disse.<\/p>\n<p><strong><a href=\"https:\/\/cultura.uol.com.br\/entretenimento\/noticias\/2025\/09\/10\/14695_backstreet-boys-no-brasil-relembre-shows-e-passagens-do-grupo-pelo-pais.html\" target=\"_blank\" rel=\"nofollow noopener\">Leia mais:\u00a0Backstreet Boys no Brasil: relembre shows e passagens do grupo pelo pa\u00eds<\/a><\/strong><\/p>\n<p style=\"text-align: justify;\">Al\u00e9m de ser headliner do festival<strong> The Town<\/strong>, em<strong> S\u00e3o Paulo<\/strong>, <strong>no dia 14<\/strong>, ela faz dois shows solo: em<strong> 16 de setembro, na Ligga Arena<\/strong>, em <strong>Curitiba<\/strong>, e em<strong> 19 de setembro, na Arena BRB Man\u00e9 Garrincha<\/strong>, em <strong>Bras\u00edlia<\/strong>.<\/p>\n<p style=\"text-align: justify;\">A turn\u00ea \u00e9 a quinta da carreira da cantora e promove seu sexto \u00e1lbum de est\u00fadio: <strong>\u201c143\u201d<\/strong>. Katy esteve recentemente no pa\u00eds como principal atra\u00e7\u00e3o do &#8220;<strong>Dia Delas<\/strong>&#8221; no <strong>Rock in Rio 2024<\/strong>, quando tamb\u00e9m lan\u00e7ou oficialmente o novo \u00e1lbum como um presente aos f\u00e3s brasileiros.<\/p>\n<p style=\"text-align: justify;\">A &#8220;<strong>The Lifetimes Tour<\/strong>&#8220;, iniciada no M\u00e9xico em abril, seguir\u00e1 at\u00e9 dezembro, com shows programados em diversos continentes.<\/p>\n<p>\t\t\t\t\t<script async src=\"https:\/\/platform.twitter.com\/widgets.js\" charset=\"utf-8\"><\/script><\/p>\n","protected":false},"excerpt":{"rendered":"Faltam poucos dias para a apresenta\u00e7\u00e3o de Katy Perry no The Town. A cantora encerra o festival no&hellip;\n","protected":false},"author":2,"featured_media":66598,"comment_status":"","ping_status":"","sticky":false,"template":"","format":"standard","meta":{"footnotes":""},"categories":[141],"tags":[114,115,149,150,32,33],"class_list":{"0":"post-66597","1":"post","2":"type-post","3":"status-publish","4":"format-standard","5":"has-post-thumbnail","7":"category-musica","8":"tag-entertainment","9":"tag-entretenimento","10":"tag-music","11":"tag-musica","12":"tag-portugal","13":"tag-pt"},"share_on_mastodon":{"url":"","error":""},"_links":{"self":[{"href":"https:\/\/www.europesays.com\/pt\/wp-json\/wp\/v2\/posts\/66597","targetHints":{"allow":["GET"]}}],"collection":[{"href":"https:\/\/www.europesays.com\/pt\/wp-json\/wp\/v2\/posts"}],"about":[{"href":"https:\/\/www.europesays.com\/pt\/wp-json\/wp\/v2\/types\/post"}],"author":[{"embeddable":true,"href":"https:\/\/www.europesays.com\/pt\/wp-json\/wp\/v2\/users\/2"}],"replies":[{"embeddable":true,"href":"https:\/\/www.europesays.com\/pt\/wp-json\/wp\/v2\/comments?post=66597"}],"version-history":[{"count":0,"href":"https:\/\/www.europesays.com\/pt\/wp-json\/wp\/v2\/posts\/66597\/revisions"}],"wp:featuredmedia":[{"embeddable":true,"href":"https:\/\/www.europesays.com\/pt\/wp-json\/wp\/v2\/media\/66598"}],"wp:attachment":[{"href":"https:\/\/www.europesays.com\/pt\/wp-json\/wp\/v2\/media?parent=66597"}],"wp:term":[{"taxonomy":"category","embeddable":true,"href":"https:\/\/www.europesays.com\/pt\/wp-json\/wp\/v2\/categories?post=66597"},{"taxonomy":"post_tag","embeddable":true,"href":"https:\/\/www.europesays.com\/pt\/wp-json\/wp\/v2\/tags?post=66597"}],"curies":[{"name":"wp","href":"https:\/\/api.w.org\/{rel}","templated":true}]}}