{"id":66603,"date":"2025-09-11T03:20:13","date_gmt":"2025-09-11T03:20:13","guid":{"rendered":"https:\/\/www.europesays.com\/pt\/66603\/"},"modified":"2025-09-11T03:20:13","modified_gmt":"2025-09-11T03:20:13","slug":"whoopi-goldberg-estrela-de-hollywood-descarta-aposentadoria","status":"publish","type":"post","link":"https:\/\/www.europesays.com\/pt\/66603\/","title":{"rendered":"Whoopi Goldberg, estrela de Hollywood, descarta aposentadoria"},"content":{"rendered":"<p data-end=\"616\" data-start=\"239\" class=\"bullet mt-0\" data-v-232111b4=\"\">Whoopi Goldberg, 69, uma das artistas mais consagradas de Hollywood, revelou que n\u00e3o v\u00ea a aposentadoria como uma possibilidade em sua vida.<\/p>\n<p>O que aconteceu<\/p>\n<p data-end=\"616\" data-start=\"239\" class=\"bullet\" data-v-232111b4=\"\"><strong>A vencedora de Oscar explicou que quest\u00f5es financeiras e pessoais a mant\u00eam ativa profissionalmente.<\/strong> H\u00e1 18 anos no comando do programa de debates The View, Goldberg foi direta em entrevista ao Entertainment Tonight. &#8220;N\u00e3o posso me dar ao luxo&#8221;, afirmou sobre se ausentar da televis\u00e3o.<\/p>\n<p data-end=\"616\" data-start=\"239\" class=\"bullet\" data-v-232111b4=\"\"><strong>A americana afirmou que relacionamentos contribu\u00edram para a decis\u00e3o. <\/strong>&#8220;Se voc\u00ea n\u00e3o se casa bem, precisa continuar trabalhando&#8221;, refor\u00e7ou. Whoopi foi casada por tr\u00eas vezes e est\u00e1 solteira atualmente. &#8220;Preciso seguir pagando as contas, baby&#8221;, brincou.<\/p>\n","protected":false},"excerpt":{"rendered":"Whoopi Goldberg, 69, uma das artistas mais consagradas de Hollywood, revelou que n\u00e3o v\u00ea a aposentadoria como uma&hellip;\n","protected":false},"author":2,"featured_media":66604,"comment_status":"","ping_status":"","sticky":false,"template":"","format":"standard","meta":{"footnotes":""},"categories":[145],"tags":[211,210,114,115,32,33],"class_list":{"0":"post-66603","1":"post","2":"type-post","3":"status-publish","4":"format-standard","5":"has-post-thumbnail","7":"category-celebridades","8":"tag-celebridades","9":"tag-celebrities","10":"tag-entertainment","11":"tag-entretenimento","12":"tag-portugal","13":"tag-pt"},"share_on_mastodon":{"url":"","error":""},"_links":{"self":[{"href":"https:\/\/www.europesays.com\/pt\/wp-json\/wp\/v2\/posts\/66603","targetHints":{"allow":["GET"]}}],"collection":[{"href":"https:\/\/www.europesays.com\/pt\/wp-json\/wp\/v2\/posts"}],"about":[{"href":"https:\/\/www.europesays.com\/pt\/wp-json\/wp\/v2\/types\/post"}],"author":[{"embeddable":true,"href":"https:\/\/www.europesays.com\/pt\/wp-json\/wp\/v2\/users\/2"}],"replies":[{"embeddable":true,"href":"https:\/\/www.europesays.com\/pt\/wp-json\/wp\/v2\/comments?post=66603"}],"version-history":[{"count":0,"href":"https:\/\/www.europesays.com\/pt\/wp-json\/wp\/v2\/posts\/66603\/revisions"}],"wp:featuredmedia":[{"embeddable":true,"href":"https:\/\/www.europesays.com\/pt\/wp-json\/wp\/v2\/media\/66604"}],"wp:attachment":[{"href":"https:\/\/www.europesays.com\/pt\/wp-json\/wp\/v2\/media?parent=66603"}],"wp:term":[{"taxonomy":"category","embeddable":true,"href":"https:\/\/www.europesays.com\/pt\/wp-json\/wp\/v2\/categories?post=66603"},{"taxonomy":"post_tag","embeddable":true,"href":"https:\/\/www.europesays.com\/pt\/wp-json\/wp\/v2\/tags?post=66603"}],"curies":[{"name":"wp","href":"https:\/\/api.w.org\/{rel}","templated":true}]}}