{"id":66605,"date":"2025-09-11T03:23:11","date_gmt":"2025-09-11T03:23:11","guid":{"rendered":"https:\/\/www.europesays.com\/pt\/66605\/"},"modified":"2025-09-11T03:23:11","modified_gmt":"2025-09-11T03:23:11","slug":"a-protegida-surpresa-anita-ajuda-jd-a-separar-mariana-de-hector-novelas","status":"publish","type":"post","link":"https:\/\/www.europesays.com\/pt\/66605\/","title":{"rendered":"A Protegida. Surpresa: Anita ajuda JD a separar Mariana de Hector &#8211; Novelas"},"content":{"rendered":"<p>\u00c9 o momento da grande reviravolta. Depois de Hector (Christian Escuredo) a aprisionar num quarto, Anita (Marina Mota) decide que chegou o momento de impedir o filho de cometer mais loucuras. E, por isso mesmo, vai procurar JD (Pedro Sousa) para o alertar de tudo o que est\u00e1 a acontecer.\u00a0<\/p>\n<p>        &#13;<\/p>\n<p>                        &#13;<br \/>\n                            <img decoding=\"async\" src=\"https:\/\/www.europesays.com\/pt\/wp-content\/uploads\/2025\/09\/img_220x220uu2025-09-09-17-56-51-394111.jpg\" class=\"img_fluid\" loading=\"lazy\" alt=\"\"\/>&#13;<\/p>\n<p class=\"title\">Ler tamb\u00e9m<\/p>\n<p>                    <a href=\"https:\/\/www.tvguia.pt\/novelas\/detalhe\/a-protegida-jorge-e-clarice-preparam-novo-plano-que-mete-a-neta-ao-barulho\" class=\"streched_link\" title=\"\" content_list_position=\"1\" rel=\"nofollow noopener\" target=\"_blank\">A Protegida: Jorge e Clarice preparam novo plano que mete a neta ao barulho <\/a><\/p>\n<p>            &#13;<\/p>\n<p>A empres\u00e1ria vai ter com o guarda-costas e ele pergunta-lhe se aconteceu alguma coisa. Pesarosa, Anita diz que sim e que Hector est\u00e1 fora de controlo com a obsess\u00e3o que tem por Mariana (Matilde Reym\u00e3o).\u00a0<\/p>\n<p>O irm\u00e3o de Gon\u00e7alo (Jo\u00e3o Bettencourt) pergunta-lhe como a pode ajudar e a empres\u00e1ria acaba por revelar que o namoro deles \u00e9 uma farsa. JD fica sorridente com aquela informa\u00e7\u00e3o e n\u00e3o consegue conter a felicidade.\u00a0<\/p>\n<p>        &#13;<\/p>\n<p>                        &#13;<br \/>\n                            <img decoding=\"async\" src=\"https:\/\/www.europesays.com\/pt\/wp-content\/uploads\/2025\/09\/img_220x220uu2025-09-07-18-33-40-393920.jpg\" class=\"img_fluid\" loading=\"lazy\" alt=\"\"\/>&#13;<\/p>\n<p class=\"title\">Ler tamb\u00e9m<\/p>\n<p>                    <a href=\"https:\/\/www.tvguia.pt\/novelas\/detalhe\/a-protegida-depois-de-destruir-anita-hector-usa-a-mae-para-reconquistar-e-enganar-mariana\" class=\"streched_link\" title=\"\" content_list_position=\"2\" rel=\"nofollow noopener\" target=\"_blank\">A Protegida: Depois de destruir Anita, Hector usa a m\u00e3e para reconquistar e enganar Mariana <\/a><\/p>\n<p>            &#13;<\/p>\n<p>Ainda assim, o filho de Jorge (Paulo Pires) admite que j\u00e1 tinha desconfiado de que o namoro n\u00e3o fosse real, pois achou-os sempre muito frios. Anita explica que n\u00e3o est\u00e1 a fazer isto por JD ou Mariana, mas sim pelo filho, porque est\u00e1 convencido de que a chef \u00e9 a pessoa certa para ele, mas ela sabe que n\u00e3o e promete ajudar o rapaz a conquistar a m\u00e3e da filha.<\/p>\n<p>Saiba tudo sobre &#8216;A Protegida&#8217; e as outras novelas na revista\u00a0<b segoe=\"\" ui=\"\" roboto=\"\" neue=\"\" arial=\"\" sans-serif=\"\" margin:=\"\" padding:=\"\" border:=\"\" font-style:=\"\" inherit=\"\" font-variant:=\"\" font-weight:=\"\" font-stretch:=\"\" font-size:=\"\" line-height:=\"\" font-optical-sizing:=\"\" font-size-adjust:=\"\" font-kerning:=\"\" font-feature-settings:=\"\" font-variation-settings:=\"\" vertical-align:=\"\" baseline=\"\" text-decoration:=\"\" none=\"\" color:=\"\" rgb=\"\" pointer-events:=\"\" auto=\"\" style=\"box-sizing: border-box; font-family: LibreBaskerville-Bold, -apple-system, BlinkMacSystemFont, \">TV Guia<\/b>\u00a0desta semana, j\u00e1 nas bancas de Portugal, ou na vers\u00e3o digital,\u00a0<a href=\"https:\/\/assinaturas.xl.pt\/tv_guia\" rel=\"nofollow noopener\" target=\"_blank\">aqui<\/a>.<\/p>\n<p>            &#13;<br \/>\n                &#13;<br \/>\n&#13;<br \/>\n&#13;<br \/>\n    &#13;<br \/>\n&#13;<br \/>\n&#13;<\/p>\n","protected":false},"excerpt":{"rendered":"\u00c9 o momento da grande reviravolta. Depois de Hector (Christian Escuredo) a aprisionar num quarto, Anita (Marina Mota)&hellip;\n","protected":false},"author":2,"featured_media":66606,"comment_status":"","ping_status":"","sticky":false,"template":"","format":"standard","meta":{"footnotes":""},"categories":[142],"tags":[168,211,1085,114,115,3484,1017,883,165,32,33,218,151],"class_list":{"0":"post-66605","1":"post","2":"type-post","3":"status-publish","4":"format-standard","5":"has-post-thumbnail","7":"category-tv","8":"tag-a-protegida","9":"tag-celebridades","10":"tag-christian-escuredo","11":"tag-entertainment","12":"tag-entretenimento","13":"tag-marina-mota","14":"tag-namoro","15":"tag-paulo-pires","16":"tag-pedro-sousa","17":"tag-portugal","18":"tag-pt","19":"tag-televisao","20":"tag-tv"},"share_on_mastodon":{"url":"","error":""},"_links":{"self":[{"href":"https:\/\/www.europesays.com\/pt\/wp-json\/wp\/v2\/posts\/66605","targetHints":{"allow":["GET"]}}],"collection":[{"href":"https:\/\/www.europesays.com\/pt\/wp-json\/wp\/v2\/posts"}],"about":[{"href":"https:\/\/www.europesays.com\/pt\/wp-json\/wp\/v2\/types\/post"}],"author":[{"embeddable":true,"href":"https:\/\/www.europesays.com\/pt\/wp-json\/wp\/v2\/users\/2"}],"replies":[{"embeddable":true,"href":"https:\/\/www.europesays.com\/pt\/wp-json\/wp\/v2\/comments?post=66605"}],"version-history":[{"count":0,"href":"https:\/\/www.europesays.com\/pt\/wp-json\/wp\/v2\/posts\/66605\/revisions"}],"wp:featuredmedia":[{"embeddable":true,"href":"https:\/\/www.europesays.com\/pt\/wp-json\/wp\/v2\/media\/66606"}],"wp:attachment":[{"href":"https:\/\/www.europesays.com\/pt\/wp-json\/wp\/v2\/media?parent=66605"}],"wp:term":[{"taxonomy":"category","embeddable":true,"href":"https:\/\/www.europesays.com\/pt\/wp-json\/wp\/v2\/categories?post=66605"},{"taxonomy":"post_tag","embeddable":true,"href":"https:\/\/www.europesays.com\/pt\/wp-json\/wp\/v2\/tags?post=66605"}],"curies":[{"name":"wp","href":"https:\/\/api.w.org\/{rel}","templated":true}]}}