{"id":66647,"date":"2025-09-11T04:19:45","date_gmt":"2025-09-11T04:19:45","guid":{"rendered":"https:\/\/www.europesays.com\/pt\/66647\/"},"modified":"2025-09-11T04:19:45","modified_gmt":"2025-09-11T04:19:45","slug":"jessica-vieira-nao-perdoa-comentario-de-catarina-miranda-e-nos-explicamos-porque-big-brother","status":"publish","type":"post","link":"https:\/\/www.europesays.com\/pt\/66647\/","title":{"rendered":"J\u00e9ssica Vieira n\u00e3o perdoa coment\u00e1rio de Catarina Miranda e n\u00f3s explicamos porqu\u00ea &#8211; Big Brother"},"content":{"rendered":"<p data-end=\"231\" data-start=\"168\">A reta final do Big Brother Ver\u00e3o est\u00e1 a ser marcada por uma nova pol\u00e9mica dentro da casa. <a href=\"https:\/\/tvi.iol.pt\/bigbrother\/jessica-vieira\/catarina-miranda\/rivais-ate-ao-fim-jessica-e-miranda-trocam-novas-acusacoes-ainda-ontem-estavas-a-mentir\" rel=\"nofollow noopener\" target=\"_blank\">Catarina Miranda e J\u00e9ssica Vieira protagonizaram momentos de grande tens\u00e3o<\/a> depois de a concorrente ribatejana ter reagido com desd\u00e9m a uma fotografia da <a href=\"https:\/\/tvi.iol.pt\/bigbrother\/afonso-leitao\/jessica-vieira\/as-palavras-mais-esperadas-afonso-quebra-silencio-sobre-a-relacao-com-jessica-nao-era-verdade\" rel=\"nofollow noopener\" target=\"_blank\">ex-namorada de Afonso Leit\u00e3o,<\/a> gerando confrontos que n\u00e3o passaram despercebidos nem aos colegas nem \u00e0 <a href=\"https:\/\/tvi.iol.pt\/bigbrother\/viriato-quintela\/catarina-miranda\/final-do-big-brother-verao-concorrentes-em-choque-com-novidade-de-maria-botelho-moniz\" rel=\"nofollow noopener\" target=\"_blank\">apresentadora Maria Botelho Moniz.<\/a><\/p>\n<p>Catarina Miranda reage a fotografia de J\u00e9ssica com desd\u00e9m<\/p>\n<p data-end=\"597\" data-start=\"232\">Tudo come\u00e7ou quando Catarina Miranda, durante uma sess\u00e3o fotogr\u00e1fica em que posou agarrada a Afonso Leit\u00e3o, se mostrou radiante. Por\u00e9m, ao rever as imagens, deparou-se com uma fotografia de J\u00e9ssica Vieira, ex-namorada de Afonso, e n\u00e3o conteve a rea\u00e7\u00e3o: <strong>\u00abQue nojo\u00bb<\/strong>, afirmou, deixando evidente o desd\u00e9m pela colega de casa.<\/p>\n<p>Confronto em plena gala <\/p>\n<p data-end=\"1108\" data-start=\"629\">Mais tarde, na gala do Big Brother Ver\u00e3o, J\u00e9ssica teve acesso \u00e0s imagens em que Catarina Miranda demonstrava repulsa perante uma fotografia sua. Incomodada, a concorrente decidiu confrontar Catarina em plena sala. Miranda tentou justificar-se, alegando que o coment\u00e1rio se devia ao facto de ela ter restos de comida na boca. Contudo, Maria Botelho Moniz interveio e esclareceu: <strong>\u00abPois que os conte\u00fados fizeram zoom e n\u00e3o havia restos de comida\u00bb<\/strong>. A tens\u00e3o instalou-se de imediato.<\/p>\n<p>O epis\u00f3dio volta a ser tema na casa <\/p>\n<p data-end=\"1511\" data-start=\"1152\">Seguidamente, ap\u00f3s uma manh\u00e3 emotiva dedicada \u00e0 partilha de mem\u00f3rias e \u00e0 din\u00e2mica da c\u00e1psula do tempo, proposta por Viriato Quintela, o epis\u00f3dio do \u00abnojo\u00bb voltou a ganhar destaque. J\u00e9ssica Vieira aproveitou o momento para regressar ao assunto e refor\u00e7ar a sua indigna\u00e7\u00e3o perante a atitude de Catarina Miranda: \u00abN\u00e3o \u00e9 o meu piercing, sou eu\u00bb, atirou, sem esconder a m\u00e1goa.<\/p>\n<p>J\u00e9ssica exige explica\u00e7\u00f5es a Catarina Miranda <\/p>\n<p data-end=\"1905\" data-start=\"1564\">Por fim, determinada em n\u00e3o deixar o epis\u00f3dio cair no esquecimento, J\u00e9ssica voltou a confrontar a rival. A ex-namorada de Afonso n\u00e3o perdoou o coment\u00e1rio depreciativo e exigiu de Catarina Miranda uma explica\u00e7\u00e3o convincente para a sua rea\u00e7\u00e3o. O clima de tens\u00e3o entre as duas concorrentes promete continuar a marcar a reta final do Big Brother Ver\u00e3o.<\/p>\n","protected":false},"excerpt":{"rendered":"A reta final do Big Brother Ver\u00e3o est\u00e1 a ser marcada por uma nova pol\u00e9mica dentro da casa.&hellip;\n","protected":false},"author":2,"featured_media":66648,"comment_status":"","ping_status":"","sticky":false,"template":"","format":"standard","meta":{"footnotes":""},"categories":[142],"tags":[2031,331,48,342,329,333,328,335,336,114,115,334,332,330,1417,13,32,33,151,162,227],"class_list":{"0":"post-66647","1":"post","2":"type-post","3":"status-publish","4":"format-standard","5":"has-post-thumbnail","7":"category-tv","8":"tag-afonso-leitao","9":"tag-big","10":"tag-big-brother","11":"tag-catarina-miranda","12":"tag-claudio-ramos","13":"tag-comentadores","14":"tag-concorrentes","15":"tag-confrontos","16":"tag-discussoes","17":"tag-entertainment","18":"tag-entretenimento","19":"tag-exclusivos","20":"tag-expulso","21":"tag-gala","22":"tag-jessica-vieira","23":"tag-noticias","24":"tag-portugal","25":"tag-pt","26":"tag-tv","27":"tag-tvi","28":"tag-videos"},"share_on_mastodon":{"url":"","error":""},"_links":{"self":[{"href":"https:\/\/www.europesays.com\/pt\/wp-json\/wp\/v2\/posts\/66647","targetHints":{"allow":["GET"]}}],"collection":[{"href":"https:\/\/www.europesays.com\/pt\/wp-json\/wp\/v2\/posts"}],"about":[{"href":"https:\/\/www.europesays.com\/pt\/wp-json\/wp\/v2\/types\/post"}],"author":[{"embeddable":true,"href":"https:\/\/www.europesays.com\/pt\/wp-json\/wp\/v2\/users\/2"}],"replies":[{"embeddable":true,"href":"https:\/\/www.europesays.com\/pt\/wp-json\/wp\/v2\/comments?post=66647"}],"version-history":[{"count":0,"href":"https:\/\/www.europesays.com\/pt\/wp-json\/wp\/v2\/posts\/66647\/revisions"}],"wp:featuredmedia":[{"embeddable":true,"href":"https:\/\/www.europesays.com\/pt\/wp-json\/wp\/v2\/media\/66648"}],"wp:attachment":[{"href":"https:\/\/www.europesays.com\/pt\/wp-json\/wp\/v2\/media?parent=66647"}],"wp:term":[{"taxonomy":"category","embeddable":true,"href":"https:\/\/www.europesays.com\/pt\/wp-json\/wp\/v2\/categories?post=66647"},{"taxonomy":"post_tag","embeddable":true,"href":"https:\/\/www.europesays.com\/pt\/wp-json\/wp\/v2\/tags?post=66647"}],"curies":[{"name":"wp","href":"https:\/\/api.w.org\/{rel}","templated":true}]}}