{"id":66663,"date":"2025-09-11T04:51:21","date_gmt":"2025-09-11T04:51:21","guid":{"rendered":"https:\/\/www.europesays.com\/pt\/66663\/"},"modified":"2025-09-11T04:51:21","modified_gmt":"2025-09-11T04:51:21","slug":"phytophthora-infestans-adquire-resistencia-reversivel","status":"publish","type":"post","link":"https:\/\/www.europesays.com\/pt\/66663\/","title":{"rendered":"Phytophthora infestans adquire resist\u00eancia revers\u00edvel"},"content":{"rendered":"<p>                                                                                                        &#13;<\/p>\n<p>                                            <img decoding=\"async\" class=\"object-cover w-[100%] h-[100%]\" src=\"https:\/\/www.europesays.com\/pt\/wp-content\/uploads\/2025\/09\/9ffc187b-bd61-42b7-a7d7-d533eb776e62.jpg\" alt=\"Foto: William M  Brown Jr, Bugwood\"\/><\/p>\n<p>                                                &#13;<br \/>\n                                                    Foto: William M  Brown Jr, Bugwood&#13;<\/p>\n<p>                                    &#13;<\/p>\n<p class=\"text-[22px] leading-[1.4]    mt-[16px]   mb-[16px] \" style=\"padding-left: 0px;\">&#13;<br \/>\n                                    Phytophthora infestans consegue ativar resist\u00eancia ao fungicida mefenoxam (metalaxil-M) ap\u00f3s uma \u00fanica exposi\u00e7\u00e3o a baixas concentra\u00e7\u00f5es do produto. A descoberta, feita por pesquisadores do Boyce Thompson Institute e da Universidad de los Andes, revela um comportamento din\u00e2mico e preocupante do pat\u00f3geno causador da <a href=\"https:\/\/revistacultivar.com.br\/fitossanidade\/phytophthora-infestans\" target=\"_blank\" rel=\"nofollow noopener\">requeima<\/a>.&#13;\n                                <\/p>\n<p class=\"text-[22px] leading-[1.4]    mt-[16px]   mb-[16px] \" style=\"padding-left: 0px;\">&#13;<br \/>\n                                    A pesquisa mostrou que cepas originalmente sens\u00edveis ao fungicida passaram a crescer mesmo em meios com altas doses do produto ap\u00f3s contato pr\u00e9vio com doses baixas. A resist\u00eancia, por\u00e9m, n\u00e3o trouxe aumento na esporula\u00e7\u00e3o do organismo. O pat\u00f3geno sobreviveu, mas n\u00e3o se multiplicou mais do que antes.&#13;\n                                <\/p>\n<p class=\"text-[22px] leading-[1.4]    mt-[16px]   mb-[32px] \" style=\"padding-left: 0px;\">&#13;<br \/>\n                                    O comportamento observado n\u00e3o segue o padr\u00e3o cl\u00e1ssico de muta\u00e7\u00f5es gen\u00e9ticas fixas. Segundo os autores, o fen\u00f4meno se assemelha a um mecanismo epigen\u00e9tico. A resist\u00eancia \u00e9 tempor\u00e1ria. Basta uma passagem por meio sem fungicida para que o pat\u00f3geno perca a capacidade de resistir. Uma nova exposi\u00e7\u00e3o a baixa concentra\u00e7\u00e3o do produto reativa o mecanismo.&#13;\n                                <\/p>\n<p>                                                                                                        &#13;<br \/>\n                                    Processo de resist\u00eancia&#13;<\/p>\n<p class=\"text-[22px] leading-[1.4]    mt-[16px]   mb-[16px] \" style=\"padding-left: 0px;\">&#13;<br \/>\n                                    O processo est\u00e1 ligado \u00e0 resist\u00eancia pleiotr\u00f3pica a drogas (PDR), estrat\u00e9gia em que bombas celulares eliminam o fungicida do organismo. A ativa\u00e7\u00e3o desse sistema consome energia, o que pode explicar por que o pat\u00f3geno abandona a resist\u00eancia quando o risco desaparece.&#13;\n                                <\/p>\n<p class=\"text-[22px] leading-[1.4]    mt-[16px]   mb-[16px] \" style=\"padding-left: 0px;\">&#13;<br \/>\n                                    Al\u00e9m da resist\u00eancia revers\u00edvel, os pesquisadores observaram que exposi\u00e7\u00f5es repetidas a altas concentra\u00e7\u00f5es de mefenoxam n\u00e3o fortaleceram nem enfraqueceram a defesa ativada. O pat\u00f3geno mantinha a capacidade de sobreviver, sem altera\u00e7\u00f5es adicionais.&#13;\n                                <\/p>\n<p class=\"text-[22px] leading-[1.4]    mt-[16px]   mb-[16px] \" style=\"padding-left: 0px;\">&#13;<br \/>\n                                    Outras informa\u00e7\u00f5es em doi.org\/10.1094\/PDIS-05-25-1110-RE&#13;\n                                <\/p>\n","protected":false},"excerpt":{"rendered":"&#13; &#13; Foto: William M Brown Jr, Bugwood&#13; &#13; &#13; Phytophthora infestans consegue ativar resist\u00eancia ao fungicida mefenoxam&hellip;\n","protected":false},"author":2,"featured_media":66664,"comment_status":"","ping_status":"","sticky":false,"template":"","format":"standard","meta":{"footnotes":""},"categories":[86],"tags":[562,8682,8683,8673,8674,8672,116,8681,8679,8676,8684,8680,4907,32,8677,33,117,8678,8675],"class_list":{"0":"post-66663","1":"post","2":"type-post","3":"status-publish","4":"format-standard","5":"has-post-thumbnail","7":"category-saude","8":"tag-agricultura","9":"tag-agricultura-familiar","10":"tag-agroindustria","11":"tag-agronomia","12":"tag-agropecuaria","13":"tag-cultivo","14":"tag-health","15":"tag-horticultura","16":"tag-inovacao-no-campo","17":"tag-manejo-de-culturas","18":"tag-maquinas-agricolas","19":"tag-mercado-agricola","20":"tag-pecuaria","21":"tag-portugal","22":"tag-producao-agricola","23":"tag-pt","24":"tag-saude","25":"tag-sustentabilidade-rural","26":"tag-tecnologia-agricola"},"share_on_mastodon":{"url":"","error":""},"_links":{"self":[{"href":"https:\/\/www.europesays.com\/pt\/wp-json\/wp\/v2\/posts\/66663","targetHints":{"allow":["GET"]}}],"collection":[{"href":"https:\/\/www.europesays.com\/pt\/wp-json\/wp\/v2\/posts"}],"about":[{"href":"https:\/\/www.europesays.com\/pt\/wp-json\/wp\/v2\/types\/post"}],"author":[{"embeddable":true,"href":"https:\/\/www.europesays.com\/pt\/wp-json\/wp\/v2\/users\/2"}],"replies":[{"embeddable":true,"href":"https:\/\/www.europesays.com\/pt\/wp-json\/wp\/v2\/comments?post=66663"}],"version-history":[{"count":0,"href":"https:\/\/www.europesays.com\/pt\/wp-json\/wp\/v2\/posts\/66663\/revisions"}],"wp:featuredmedia":[{"embeddable":true,"href":"https:\/\/www.europesays.com\/pt\/wp-json\/wp\/v2\/media\/66664"}],"wp:attachment":[{"href":"https:\/\/www.europesays.com\/pt\/wp-json\/wp\/v2\/media?parent=66663"}],"wp:term":[{"taxonomy":"category","embeddable":true,"href":"https:\/\/www.europesays.com\/pt\/wp-json\/wp\/v2\/categories?post=66663"},{"taxonomy":"post_tag","embeddable":true,"href":"https:\/\/www.europesays.com\/pt\/wp-json\/wp\/v2\/tags?post=66663"}],"curies":[{"name":"wp","href":"https:\/\/api.w.org\/{rel}","templated":true}]}}