{"id":66676,"date":"2025-09-11T05:20:49","date_gmt":"2025-09-11T05:20:49","guid":{"rendered":"https:\/\/www.europesays.com\/pt\/66676\/"},"modified":"2025-09-11T05:20:49","modified_gmt":"2025-09-11T05:20:49","slug":"dados-apontam-pico-de-chikungunya-foi-em-maio","status":"publish","type":"post","link":"https:\/\/www.europesays.com\/pt\/66676\/","title":{"rendered":"Dados apontam pico de Chikungunya foi em maio"},"content":{"rendered":"<p style=\"text-align: justify;\">Maio foi o m\u00eas com a maior incid\u00eancia de casos de Chikungunya em Sorriso. Foram 1.311 casos confirmados somente no m\u00eas de maio, muitos deles, confirmados somente nos \u00faltimos dias pelo Laborat\u00f3rio Central (Lacen). No total, desde janeiro, s\u00e3o 3.001 casos de Chikungunya confirmados. Os dados, atualizados, foram divulgados nesta manh\u00e3, 10, pela Secretaria de Sa\u00fade, por meio do Centro de Informa\u00e7\u00f5es Estrat\u00e9gicas de Vigil\u00e2ncia em Sa\u00fade (Cievs) e constam no Sistema Sinan On-line.<\/p>\n<p style=\"text-align: justify;\">A coordenadora de Vigil\u00e2ncia em Sa\u00fade Ambiental, Claudete Damasceno, frisa que o pico da arbovirose foi justamente nos meses de abril e maio. \u00a0Em janeiro foram registradas 60 confirma\u00e7\u00f5es para chikungunya; 88 em fevereiro; 232 em mar\u00e7o; 668 em abril; 1.311 em maio; 474 em junho; 146 em julho e 22 em agosto.<\/p>\n<p style=\"text-align: justify;\">J\u00e1 em rela\u00e7\u00e3o \u00e0 dengue, o boletim atualizado traz 187 confirma\u00e7\u00f5es. Foram 65 casos em janeiro confirma\u00e7\u00f5es de dengue, uma com sinais de alarme; em fevereiro foram registrados 11 casos; em mar\u00e7o foram 13 registros; em abril 19; em maio 58; em junho 13 e 9 em julho, totalizando <strong>187 casos<\/strong> at\u00e9 o momento. Nenhum caso de dengue foi registrado em agosto. Para zika foram investigadas e descartadas 22 situa\u00e7\u00f5es.<\/p>\n<p style=\"text-align: justify;\"><strong>Hoje os bairros com maior n\u00famero de registros<\/strong>&#13;<br \/>\n\t<strong>de chikungunya\u00a0<\/strong>est\u00e3o o Vila Bela com 253; S\u00e3o Jos\u00e9 com 157; Nova Alian\u00e7a com 144 registros e Novos Campos com 124 situa\u00e7\u00f5es positivas. Antigo distrito de Boa Esperan\u00e7a e atual munic\u00edpio vizinho de Boa Esperan\u00e7a contabilizou 364 registros \u2013 vale lembrar que no Minist\u00e9rio da Sa\u00fade, Boa Esperan\u00e7a ainda consta veiculado \u00e0 Sorriso. J\u00e1 em rela\u00e7\u00e3o \u00e0 dengue s\u00e3o 13 casos no Rota e 12 no Jardim Amaz\u00f4nia.<strong>\u00a0<\/strong><\/p>\n<p style=\"text-align: justify;\"><strong>Fase aguda e cr\u00f4nica\u00a0<\/strong><\/p>\n<p style=\"text-align: justify;\">\u201cO n\u00famero de casos de chikungunya \u00e9 alto e precisamos lembrar que al\u00e9m da fase aguda a enfermidade apresenta uma fase cr\u00f4nica em que paciente continua sentindo muita dor\u201d, frisa o m\u00e9dico e secret\u00e1rio de Sa\u00fade, Vanio Jordani. \u201cH\u00e1 pessoas que continuam sentindo dores por mais de seis meses\u201d, destaca o profissional.<\/p>\n<p style=\"text-align: justify;\">E a melhor forma de eliminar e evitar a doen\u00e7a \u00e9 evitar que o mosquito nas\u00e7a. \u201cComo todo mundo j\u00e1 sabe a \u00e1gua parada \u2013 suja ou limpa; \u00e9 o local ideal para dissemina\u00e7\u00e3o de criadouros do Aedes aegypti, o tal mosquito transmissor da dengue, zika v\u00edrus e Chikungunya\u201d, pontua o gestor. Para evitar situa\u00e7\u00f5es assim, as equipes da Vigil\u00e2ncia em Sa\u00fade Ambiental est\u00e3o diariamente na rua realizando trabalho de instru\u00e7\u00e3o e alerta.<\/p>\n<p style=\"text-align: justify;\">\u201cInfelizmente alguns propriet\u00e1rios de com\u00e9rcios considerados pontos estrat\u00e9gicos n\u00e3o nos recebem justamente porque sabem que h\u00e1 condicionamento de materiais de forma inadequada e que situa\u00e7\u00f5es assim s\u00e3o propicias \u00e0 prolifera\u00e7\u00e3o do mosquito\u201d, explica Claudete Damasceno que comanda uma verdadeira opera\u00e7\u00e3o de guerra contra o mosquito.<\/p>\n<p style=\"text-align: justify;\">Claudete relata que tamb\u00e9m h\u00e1 resid\u00eancias que tamb\u00e9m n\u00e3o abrem as portas para a visita do agente de combate \u00e0 end\u00eamicas (ACE). \u201cNossa miss\u00e3o \u00e9 cuidar, alertar, conscientizar, n\u00e3o queremos aplicar notifica\u00e7\u00f5es ou multas, mas precisamos que a popula\u00e7\u00e3o nos receba para que possamos realizar o trabalho de acompanhamento\u201d, frisa.<\/p>\n<p style=\"text-align: justify;\">Em cada visita, seja em com\u00e9rcios, PEs ou resid\u00eancias que houver criadouros as larvas s\u00e3o coletadas e testadas para o Aedes e o criadouro eliminado. Quando a suspeita se confirma os respons\u00e1veis s\u00e3o comunicados para que possam monitorar o surgimento de casos de dengue e realizar o pente fino eliminando outros poss\u00edveis criadouros que tenham passado despercebidos.<\/p>\n<p style=\"text-align: justify;\">Hoje os principais problemas identificados pela equipe da Vigil\u00e2ncia Ambiental s\u00e3o a \u00e1gua servida, aquela oriunda de esgoto dom\u00e9stico ou empresarial e a sujeira nas bocas de lobo, situa\u00e7\u00f5es prop\u00edcias para a prolifera\u00e7\u00e3o do mosquito.<\/p>\n<p style=\"text-align: justify;\"><strong>Procura nas unidades de sa\u00fade\u00a0<\/strong><\/p>\n<p style=\"text-align: justify;\">Caso suspeite ter contra\u00eddo ou apresente sintomas de qualquer uma das arboviroses, a recomenda\u00e7\u00e3o \u00e9 procurar uma Unidade B\u00e1sica de Sa\u00fade (UBS). \u00c9 l\u00e1 que a popula\u00e7\u00e3o recebe o atendimento cl\u00ednico e a orienta\u00e7\u00e3o correta sobre como agir.<\/p>\n<p style=\"text-align: justify;\"><strong>\u00a0<\/strong><\/p>\n<p style=\"text-align: justify;\"><strong>Cuidando de casa<\/strong><\/p>\n<p style=\"text-align: justify;\">A orienta\u00e7\u00e3o \u00e9 que toda a semana a popula\u00e7\u00e3o tire dez minutos semanais para dar aquela conferida no espa\u00e7o onde vive ou trabalha. A recomenda\u00e7\u00e3o \u00e9 evitar ac\u00famulo de lixo, que al\u00e9m do Aedes aegypti tamb\u00e9m pode esconder animais pe\u00e7onhentos como cobras, ratos, aranhas, escorpi\u00f5es, dentre outros.<\/p>\n<p style=\"text-align: justify;\"><strong>\u00a0<\/strong><\/p>\n<p style=\"text-align: justify;\"><strong>Den\u00fancias\u00a0<\/strong><\/p>\n<p style=\"text-align: justify;\">Vale refor\u00e7ar que para quem <strong>identificar situa\u00e7\u00f5es com criadouros ou com suspeita, \u00e1gua servida descartada na rua<\/strong> e <strong>descarte de lixo em locais inapropriados<\/strong>, a recomenda\u00e7\u00e3o \u00e9 procurar a equipe t\u00e9cnica. As den\u00fancias tamb\u00e9m podem ser realizadas diretamente ao <strong>N\u00facleo Integrado de Fiscaliza\u00e7\u00e3o (NIF) pelo n\u00famero (66) 99927-2611.\u00a0<\/strong><\/p>\n<p style=\"text-align: justify;\"><strong>\u00a0<\/strong><\/p>\n<p style=\"text-align: justify;\"><strong>Coleta de res\u00edduos s\u00f3lidos\u00a0<\/strong><\/p>\n<p style=\"text-align: justify;\">Sempre \u00e9 bom ficar de olho no calend\u00e1rio de coleta de res\u00edduos s\u00f3lidos &#8211; <a href=\"https:\/\/site.sorriso.mt.gov.br\/storage\/app\/uploads\/public\/677\/807\/a85\/677807a85d339786603348.pdf\" rel=\"nofollow noopener\" target=\"_blank\"><strong>confira aqui o calend\u00e1rio de 2025<\/strong><\/a>, em que s\u00e3o recolhidos m\u00f3veis e eletrodom\u00e9sticos velhos e inserv\u00edveis; assim como restos da limpeza de jardins que incluem folhas e restos vegetais que podem servir como criadouro de insetos e animais pe\u00e7onhentos, como a grama quando \u00e9 cortada. O recomendado \u00e9 descartar o material seguindo corretamente o calend\u00e1rio, evitando assim a forma\u00e7\u00e3o de poss\u00edveis criadouros para o Aedes aegypti e outros animais pe\u00e7onhentos.<\/p>\n","protected":false},"excerpt":{"rendered":"Maio foi o m\u00eas com a maior incid\u00eancia de casos de Chikungunya em Sorriso. Foram 1.311 casos confirmados&hellip;\n","protected":false},"author":2,"featured_media":66677,"comment_status":"","ping_status":"","sticky":false,"template":"","format":"standard","meta":{"footnotes":""},"categories":[86],"tags":[116,32,33,117],"class_list":{"0":"post-66676","1":"post","2":"type-post","3":"status-publish","4":"format-standard","5":"has-post-thumbnail","7":"category-saude","8":"tag-health","9":"tag-portugal","10":"tag-pt","11":"tag-saude"},"share_on_mastodon":{"url":"","error":""},"_links":{"self":[{"href":"https:\/\/www.europesays.com\/pt\/wp-json\/wp\/v2\/posts\/66676","targetHints":{"allow":["GET"]}}],"collection":[{"href":"https:\/\/www.europesays.com\/pt\/wp-json\/wp\/v2\/posts"}],"about":[{"href":"https:\/\/www.europesays.com\/pt\/wp-json\/wp\/v2\/types\/post"}],"author":[{"embeddable":true,"href":"https:\/\/www.europesays.com\/pt\/wp-json\/wp\/v2\/users\/2"}],"replies":[{"embeddable":true,"href":"https:\/\/www.europesays.com\/pt\/wp-json\/wp\/v2\/comments?post=66676"}],"version-history":[{"count":0,"href":"https:\/\/www.europesays.com\/pt\/wp-json\/wp\/v2\/posts\/66676\/revisions"}],"wp:featuredmedia":[{"embeddable":true,"href":"https:\/\/www.europesays.com\/pt\/wp-json\/wp\/v2\/media\/66677"}],"wp:attachment":[{"href":"https:\/\/www.europesays.com\/pt\/wp-json\/wp\/v2\/media?parent=66676"}],"wp:term":[{"taxonomy":"category","embeddable":true,"href":"https:\/\/www.europesays.com\/pt\/wp-json\/wp\/v2\/categories?post=66676"},{"taxonomy":"post_tag","embeddable":true,"href":"https:\/\/www.europesays.com\/pt\/wp-json\/wp\/v2\/tags?post=66676"}],"curies":[{"name":"wp","href":"https:\/\/api.w.org\/{rel}","templated":true}]}}