{"id":66678,"date":"2025-09-11T05:27:10","date_gmt":"2025-09-11T05:27:10","guid":{"rendered":"https:\/\/www.europesays.com\/pt\/66678\/"},"modified":"2025-09-11T05:27:10","modified_gmt":"2025-09-11T05:27:10","slug":"ivete-sangalo-se-declara-aos-filhos-de-caetano-veloso-chamego","status":"publish","type":"post","link":"https:\/\/www.europesays.com\/pt\/66678\/","title":{"rendered":"Ivete Sangalo se declara aos filhos de Caetano Veloso: &#8220;Chamego&#8221;"},"content":{"rendered":"<p>Ivete Sangalo usou as redes sociais nesta quarta-feira (10) para demonstrar o seu carinho pela fam\u00edlia de um dos seus grandes amigos. No registro, a cantora aparece ao lado dos tr\u00eas filhos de Caetano Veloso \u2013 Tom, Zeca e Moreno. \u201cPorque chamego \u00e9 com nois\u201d, escreveu Veveta.<\/p>\n<p>Vale lembrar que, nesta ter\u00e7a-feira (9), Ivete Sangalo participou das grava\u00e7\u00f5es de uma edi\u00e7\u00e3o especial do programa Altas Horas, que celebrar\u00e1 seus 25 anos com uma homenagem a Caetano Veloso. Tamb\u00e9m participaram da celebra\u00e7\u00e3o Gilberto Gil, Ney Matogrosso, Xande de Pilares e Pretinho da Serrinha, al\u00e9m dos herdeiros do homenageado.<\/p>\n<p>Caetano registrou os bastidores da grava\u00e7\u00e3o e publicou um v\u00eddeo ao lado de Gil, onde os dois aparecem ensaiando a can\u00e7\u00e3o \u201cDesde Que o Samba \u00c9 Samba\u201d, parceria consagrada pelos artistas. Ele tamb\u00e9m mostrou um momento fofo ao lado de Veveta.<\/p>\n<p>J\u00e1 Ivete compartilhou em seu perfil no Instagram um trecho em que interpreta \u201cLua de S\u00e3o Jorge\u201d, composi\u00e7\u00e3o de Veloso. A produ\u00e7\u00e3o do programa ainda n\u00e3o divulgou a data em que o epis\u00f3dio ir\u00e1 ao ar.<\/p>\n<p><img fetchpriority=\"high\" decoding=\"async\" class=\"alignnone size-medium wp-image-193487\" src=\"https:\/\/www.europesays.com\/pt\/wp-content\/uploads\/2025\/09\/SaveClip.App_545205342_18533547484009009_150903413246633129_n-405x720.jpg\" alt=\"\" width=\"405\" height=\"720\"  \/><\/p>\n","protected":false},"excerpt":{"rendered":"Ivete Sangalo usou as redes sociais nesta quarta-feira (10) para demonstrar o seu carinho pela fam\u00edlia de um&hellip;\n","protected":false},"author":2,"featured_media":66679,"comment_status":"","ping_status":"","sticky":false,"template":"","format":"standard","meta":{"footnotes":""},"categories":[145],"tags":[211,210,114,115,32,33],"class_list":{"0":"post-66678","1":"post","2":"type-post","3":"status-publish","4":"format-standard","5":"has-post-thumbnail","7":"category-celebridades","8":"tag-celebridades","9":"tag-celebrities","10":"tag-entertainment","11":"tag-entretenimento","12":"tag-portugal","13":"tag-pt"},"share_on_mastodon":{"url":"","error":""},"_links":{"self":[{"href":"https:\/\/www.europesays.com\/pt\/wp-json\/wp\/v2\/posts\/66678","targetHints":{"allow":["GET"]}}],"collection":[{"href":"https:\/\/www.europesays.com\/pt\/wp-json\/wp\/v2\/posts"}],"about":[{"href":"https:\/\/www.europesays.com\/pt\/wp-json\/wp\/v2\/types\/post"}],"author":[{"embeddable":true,"href":"https:\/\/www.europesays.com\/pt\/wp-json\/wp\/v2\/users\/2"}],"replies":[{"embeddable":true,"href":"https:\/\/www.europesays.com\/pt\/wp-json\/wp\/v2\/comments?post=66678"}],"version-history":[{"count":0,"href":"https:\/\/www.europesays.com\/pt\/wp-json\/wp\/v2\/posts\/66678\/revisions"}],"wp:featuredmedia":[{"embeddable":true,"href":"https:\/\/www.europesays.com\/pt\/wp-json\/wp\/v2\/media\/66679"}],"wp:attachment":[{"href":"https:\/\/www.europesays.com\/pt\/wp-json\/wp\/v2\/media?parent=66678"}],"wp:term":[{"taxonomy":"category","embeddable":true,"href":"https:\/\/www.europesays.com\/pt\/wp-json\/wp\/v2\/categories?post=66678"},{"taxonomy":"post_tag","embeddable":true,"href":"https:\/\/www.europesays.com\/pt\/wp-json\/wp\/v2\/tags?post=66678"}],"curies":[{"name":"wp","href":"https:\/\/api.w.org\/{rel}","templated":true}]}}