{"id":66689,"date":"2025-09-11T05:59:18","date_gmt":"2025-09-11T05:59:18","guid":{"rendered":"https:\/\/www.europesays.com\/pt\/66689\/"},"modified":"2025-09-11T05:59:18","modified_gmt":"2025-09-11T05:59:18","slug":"astro-de-breaking-bad-e-preso-por-motivo-bizarro-em-los-angeles","status":"publish","type":"post","link":"https:\/\/www.europesays.com\/pt\/66689\/","title":{"rendered":"Astro de Breaking Bad \u00e9 preso por motivo bizarro em Los Angeles"},"content":{"rendered":"<p><strong>Raymond Cruz<\/strong>, mais conhecido por interpretar <strong>Tuco Salamanca<\/strong> em <strong>Breaking Bad,<\/strong> foi preso no \u00faltimo dia 8 de setembro, em Los Angeles. Cruz, acusado de agress\u00e3o leve, supostamente atingiu com \u00e1gua a filha de um vizinho, utilizando uma mangueira de jardim.<\/p>\n<p>O epis\u00f3dio ocorreu<strong> enquanto ele lavava seu carro em Silverlake <\/strong>e pediu que a jovem se afastasse. Ao n\u00e3o ser atendido, teria aspergido \u00e1gua sobre ela. A pol\u00edcia de Los Angeles classificou o incidente como<strong> contraven\u00e7\u00e3o.<\/strong><\/p>\n<p><img loading=\"lazy\" decoding=\"async\" width=\"970\" height=\"360\" src=\"https:\/\/www.europesays.com\/pt\/wp-content\/uploads\/2025\/09\/helb105.png\" alt=\"\" class=\"wp-image-18742\" style=\"width:582px;height:auto\"  \/>Raymond Cruz (Reprodu\u00e7\u00e3o)<\/p>\n<p>Raymond Cruz se destacou como Tuco Salamanca, personagem famoso em Breaking Bad e Better Call Saul. Al\u00e9m de ser um antagonista marcante, sua atua\u00e7\u00e3o o tornou conhecido no mundo do entretenimento.<\/p>\n<p>Ap\u00f3s sua pris\u00e3o, Cruz foi liberado e deve comparecer ao tribunal em 1\u00ba de outubro. A responsabilidade do caso recai sobre o Procurador da Cidade de Los Angeles, que analisar\u00e1 a contraven\u00e7\u00e3o. Em situa\u00e7\u00f5es similares, oferece-se ao acusado a possibilidade de participar de cursos de controle de raiva em troca do arquivamento do caso.\u00a0<\/p>\n<p>Breaking Bad<\/p>\n<p>No dia 29 de setembro de 2013, \u201cBreaking Bad\u201d exibiu seu \u00faltimo epis\u00f3dio, marcando um ponto decisivo na televis\u00e3o. Criada por Vince Gilligan, a s\u00e9rie foi protagonizada por Bryan Cranston, que interpretava Walter White, um professor de qu\u00edmica que se transforma em traficante de metanfetamina.<\/p>\n<p>O impacto duradouro de \u201cBreaking Bad\u201d continua a ressoar na cultura pop e na forma como s\u00e9ries de TV s\u00e3o produzidas.<\/p>\n<p>\u201cBreaking Bad\u201d foi ao ar entre 2008 e 2013, durante cinco temporadas, e \u00e9 amplamente lembrada por seus elementos narrativos cativantes e personagens complexos.\u00a0<\/p>\n<p>\u201cBreaking Bad\u201d recebeu <strong>16 pr\u00eamios Emmy,<\/strong> destacando-se como uma das principais s\u00e9ries do s\u00e9culo 21. A s\u00e9rie ganhou destaque pela qualidade da escrita, dire\u00e7\u00e3o e cinematografia inovadora.\u00a0<\/p>\n","protected":false},"excerpt":{"rendered":"Raymond Cruz, mais conhecido por interpretar Tuco Salamanca em Breaking Bad, foi preso no \u00faltimo dia 8 de&hellip;\n","protected":false},"author":2,"featured_media":66690,"comment_status":"","ping_status":"","sticky":false,"template":"","format":"standard","meta":{"footnotes":""},"categories":[145],"tags":[211,210,114,115,32,33],"class_list":{"0":"post-66689","1":"post","2":"type-post","3":"status-publish","4":"format-standard","5":"has-post-thumbnail","7":"category-celebridades","8":"tag-celebridades","9":"tag-celebrities","10":"tag-entertainment","11":"tag-entretenimento","12":"tag-portugal","13":"tag-pt"},"share_on_mastodon":{"url":"","error":""},"_links":{"self":[{"href":"https:\/\/www.europesays.com\/pt\/wp-json\/wp\/v2\/posts\/66689","targetHints":{"allow":["GET"]}}],"collection":[{"href":"https:\/\/www.europesays.com\/pt\/wp-json\/wp\/v2\/posts"}],"about":[{"href":"https:\/\/www.europesays.com\/pt\/wp-json\/wp\/v2\/types\/post"}],"author":[{"embeddable":true,"href":"https:\/\/www.europesays.com\/pt\/wp-json\/wp\/v2\/users\/2"}],"replies":[{"embeddable":true,"href":"https:\/\/www.europesays.com\/pt\/wp-json\/wp\/v2\/comments?post=66689"}],"version-history":[{"count":0,"href":"https:\/\/www.europesays.com\/pt\/wp-json\/wp\/v2\/posts\/66689\/revisions"}],"wp:featuredmedia":[{"embeddable":true,"href":"https:\/\/www.europesays.com\/pt\/wp-json\/wp\/v2\/media\/66690"}],"wp:attachment":[{"href":"https:\/\/www.europesays.com\/pt\/wp-json\/wp\/v2\/media?parent=66689"}],"wp:term":[{"taxonomy":"category","embeddable":true,"href":"https:\/\/www.europesays.com\/pt\/wp-json\/wp\/v2\/categories?post=66689"},{"taxonomy":"post_tag","embeddable":true,"href":"https:\/\/www.europesays.com\/pt\/wp-json\/wp\/v2\/tags?post=66689"}],"curies":[{"name":"wp","href":"https:\/\/api.w.org\/{rel}","templated":true}]}}