{"id":66691,"date":"2025-09-11T06:13:09","date_gmt":"2025-09-11T06:13:09","guid":{"rendered":"https:\/\/www.europesays.com\/pt\/66691\/"},"modified":"2025-09-11T06:13:09","modified_gmt":"2025-09-11T06:13:09","slug":"denise-richards-vai-as-lagrimas-ao-relembrar-casamento-com-charlie-sheen-nao-sei-como-ainda-estou-aqui-depois-do-que-ele-me-fez-passar-celebridades","status":"publish","type":"post","link":"https:\/\/www.europesays.com\/pt\/66691\/","title":{"rendered":"Denise Richards vai \u00e0s l\u00e1grimas ao relembrar casamento com Charlie Sheen: &#8216;N\u00e3o sei como ainda estou aqui depois do que ele me fez passar&#8217; | Celebridades"},"content":{"rendered":"\n<p class=\" content-text__container \" data-track-category=\"Link no Texto\" data-track-links=\"\"> &#8220;Sendo sincera, n\u00e3o sei como ainda estou aqui depois do que ele me fez passar. Acho que a \u00fanica maneira de atravessar uma trag\u00e9dia, o que eu estava passando, \u00e9 ter um p*** senso de humor, porque era t\u00e3o ruim\u2026 Eu sei que, para quem via de fora, parecia loucura a gente brincar tipo: \u2018Lembra quando voc\u00ea quebrou todas as TVs com um taco de beisebol?\u2019&#8230; Acho que, se eu n\u00e3o fosse uma pessoa forte, teria seguido por um caminho muito sombrio s\u00f3 para lidar com toda essa m****&#8221;, Richards relatou. <\/p>\n","protected":false},"excerpt":{"rendered":"&#8220;Sendo sincera, n\u00e3o sei como ainda estou aqui depois do que ele me fez passar. Acho que a&hellip;\n","protected":false},"author":2,"featured_media":66692,"comment_status":"","ping_status":"","sticky":false,"template":"","format":"standard","meta":{"footnotes":""},"categories":[145],"tags":[211,210,114,115,32,33],"class_list":{"0":"post-66691","1":"post","2":"type-post","3":"status-publish","4":"format-standard","5":"has-post-thumbnail","7":"category-celebridades","8":"tag-celebridades","9":"tag-celebrities","10":"tag-entertainment","11":"tag-entretenimento","12":"tag-portugal","13":"tag-pt"},"share_on_mastodon":{"url":"","error":""},"_links":{"self":[{"href":"https:\/\/www.europesays.com\/pt\/wp-json\/wp\/v2\/posts\/66691","targetHints":{"allow":["GET"]}}],"collection":[{"href":"https:\/\/www.europesays.com\/pt\/wp-json\/wp\/v2\/posts"}],"about":[{"href":"https:\/\/www.europesays.com\/pt\/wp-json\/wp\/v2\/types\/post"}],"author":[{"embeddable":true,"href":"https:\/\/www.europesays.com\/pt\/wp-json\/wp\/v2\/users\/2"}],"replies":[{"embeddable":true,"href":"https:\/\/www.europesays.com\/pt\/wp-json\/wp\/v2\/comments?post=66691"}],"version-history":[{"count":0,"href":"https:\/\/www.europesays.com\/pt\/wp-json\/wp\/v2\/posts\/66691\/revisions"}],"wp:featuredmedia":[{"embeddable":true,"href":"https:\/\/www.europesays.com\/pt\/wp-json\/wp\/v2\/media\/66692"}],"wp:attachment":[{"href":"https:\/\/www.europesays.com\/pt\/wp-json\/wp\/v2\/media?parent=66691"}],"wp:term":[{"taxonomy":"category","embeddable":true,"href":"https:\/\/www.europesays.com\/pt\/wp-json\/wp\/v2\/categories?post=66691"},{"taxonomy":"post_tag","embeddable":true,"href":"https:\/\/www.europesays.com\/pt\/wp-json\/wp\/v2\/tags?post=66691"}],"curies":[{"name":"wp","href":"https:\/\/api.w.org\/{rel}","templated":true}]}}