{"id":66695,"date":"2025-09-11T06:33:09","date_gmt":"2025-09-11T06:33:09","guid":{"rendered":"https:\/\/www.europesays.com\/pt\/66695\/"},"modified":"2025-09-11T06:33:09","modified_gmt":"2025-09-11T06:33:09","slug":"era-medio-cheguei-a-custo-zero-e-mourinho-deu-me-o-9-era-uma-mensagem","status":"publish","type":"post","link":"https:\/\/www.europesays.com\/pt\/66695\/","title":{"rendered":"\u00abEra m\u00e9dio, cheguei a custo zero e Mourinho deu-me o 9: era uma mensagem\u00bb"},"content":{"rendered":"<p>Uma das coisas que mais distinguia Jos\u00e9 Mourinho quando chegou a Inglaterra, ap\u00f3s sagrar-se campe\u00e3o europeu pelo FC Porto, eram os mind-games que o portugu\u00eas utilizava, quase semana sim, semana&#8230; sim.<\/p>\n<p>O treinador conseguia muitas vezes entrar na cabe\u00e7a dos advers\u00e1rios e lev\u00e1-los para uma posi\u00e7\u00e3o que os deixava vulner\u00e1veis para depois as equipas de Mourinho sa\u00edrem por cima.<\/p>\n<p>Mas n\u00e3o era s\u00f3 com os advers\u00e1rios que o setubalense fazia esse tipo de jogos. E agora Steve Sidwell, m\u00e9dio que teve uma passagem fugaz pelo <a target=\"_blank\" class=\"editor-link autolink-enabled\" href=\"https:\/\/www.abola.pt\/futebol\/chelsea-82\" data-resource-id=\"82\" data-resource-type=\"team\" data-sport=\"football\" rel=\"nofollow noopener\">Chelsea<\/a> de Mourinho, lembrou como foi usado por ele para enviar uma mensagem para a dire\u00e7\u00e3o.<\/p>\n<p>\u00abEu era m\u00e9dio e quando cheguei ele perguntou-me se eu me importava de ficar com a camisola 9. E eu disse que podia ser, porque pensava que ele me estava a testar\u00bb, come\u00e7ou por relatar, \u00e0 Sky Sports.<\/p>\n<p>            <img decoding=\"async\" src=\"https:\/\/www.europesays.com\/pt\/wp-content\/uploads\/2025\/09\/e6329114-1f05-4d6a-8cdc-c16c8286dc76.jpg\" alt=\"\" width=\"620\" class=\"w-full object-cover\"\/><\/p>\n<p>                    Apresenta\u00e7\u00e3o de Jos\u00e9 Mourinho no Chelsea. Foto: A BOLA<\/p>\n<p>\u00abDepois, deram-me mesmo o n\u00famero 9 e quando eu contei aos meus amigos, eles nem queriam acreditar, afinal eu n\u00e3o era avan\u00e7ado\u00bb, acrescentou.<\/p>\n<p>Na altura, com 25 anos, Sidwell n\u00e3o ter percebido tudo o que estava por detr\u00e1s daquela decis\u00e3o inesperada do treinador portugu\u00eas. Mas hoje, com 42 anos, n\u00e3o tem qualquer d\u00favida.<\/p>\n<p>\u00abEle dar-me a camisola 9 foi uma forma do Jos\u00e9 enviar uma mensagem para a dire\u00e7\u00e3o. Porque ele queria comprar um avan\u00e7ado, eles n\u00e3o lhe deram dinheiro, por isso ele decidiu dar o n\u00famero 9 a um jogador que tinha chegado a custo zero do Reading\u00bb, nota, sorridente.<\/p>\n<p>Certo \u00e9 que a corda n\u00e3o demoraria muito a partir. Ap\u00f3s oito jogos no in\u00edcio dessa \u00e9poca de 2007\/08, Mourinho deixou os blues, por quem tinha conquistado duas vezes a Premier League. E Sidwell, o n\u00famero 9 improvisado tamb\u00e9m s\u00f3 ficou essa temporada no clube, apontando um golo em 25 jogos para justificar o peso da camisola que envergava.<\/p>\n","protected":false},"excerpt":{"rendered":"Uma das coisas que mais distinguia Jos\u00e9 Mourinho quando chegou a Inglaterra, ap\u00f3s sagrar-se campe\u00e3o europeu pelo FC&hellip;\n","protected":false},"author":2,"featured_media":66696,"comment_status":"","ping_status":"","sticky":false,"template":"","format":"standard","meta":{"footnotes":""},"categories":[87],"tags":[135,32,33,134],"class_list":{"0":"post-66695","1":"post","2":"type-post","3":"status-publish","4":"format-standard","5":"has-post-thumbnail","7":"category-desporto","8":"tag-desporto","9":"tag-portugal","10":"tag-pt","11":"tag-sports"},"share_on_mastodon":{"url":"","error":""},"_links":{"self":[{"href":"https:\/\/www.europesays.com\/pt\/wp-json\/wp\/v2\/posts\/66695","targetHints":{"allow":["GET"]}}],"collection":[{"href":"https:\/\/www.europesays.com\/pt\/wp-json\/wp\/v2\/posts"}],"about":[{"href":"https:\/\/www.europesays.com\/pt\/wp-json\/wp\/v2\/types\/post"}],"author":[{"embeddable":true,"href":"https:\/\/www.europesays.com\/pt\/wp-json\/wp\/v2\/users\/2"}],"replies":[{"embeddable":true,"href":"https:\/\/www.europesays.com\/pt\/wp-json\/wp\/v2\/comments?post=66695"}],"version-history":[{"count":0,"href":"https:\/\/www.europesays.com\/pt\/wp-json\/wp\/v2\/posts\/66695\/revisions"}],"wp:featuredmedia":[{"embeddable":true,"href":"https:\/\/www.europesays.com\/pt\/wp-json\/wp\/v2\/media\/66696"}],"wp:attachment":[{"href":"https:\/\/www.europesays.com\/pt\/wp-json\/wp\/v2\/media?parent=66695"}],"wp:term":[{"taxonomy":"category","embeddable":true,"href":"https:\/\/www.europesays.com\/pt\/wp-json\/wp\/v2\/categories?post=66695"},{"taxonomy":"post_tag","embeddable":true,"href":"https:\/\/www.europesays.com\/pt\/wp-json\/wp\/v2\/tags?post=66695"}],"curies":[{"name":"wp","href":"https:\/\/api.w.org\/{rel}","templated":true}]}}