{"id":66750,"date":"2025-09-11T07:52:20","date_gmt":"2025-09-11T07:52:20","guid":{"rendered":"https:\/\/www.europesays.com\/pt\/66750\/"},"modified":"2025-09-11T07:52:20","modified_gmt":"2025-09-11T07:52:20","slug":"arquitectos-quiseram-humanizar-clinica-dentaria-e-ganharam-premio-internacional","status":"publish","type":"post","link":"https:\/\/www.europesays.com\/pt\/66750\/","title":{"rendered":"Arquitectos quiseram humanizar cl\u00ednica dent\u00e1ria e ganharam pr\u00e9mio internacional"},"content":{"rendered":"<p>A Cl\u00ednica Nery do Vale, em Braga, foi distinguida recentemente com o Loop Design Awards (\u201cCategory Winner\u201d), pr\u00e9mio internacional de arquitetura.<\/p>\n<p>Com projeto do gabinete Tiago do Vale Arquitectos, de Braga, este espa\u00e7o dedicado \u00e0 medicina dent\u00e1ria surge a partir de um outro j\u00e1 existente, mas que tinha um\u00a0\u201cambiente austero, frio e intimidante\u201d<\/p>\n<p>Contudo, a equipa de arquitectos considerou que havia um \u201cfort\u00edssimo potencial latente de rela\u00e7\u00e3o com o exterior e a natureza\u201d.<\/p>\n<p>Por isso, quiseram criar um ambiente \u201csereno e acolhedor, capaz de contrariar a imagem intimidat\u00f3ria frequentemente associada \u00e0 pr\u00e1tica da medicina dent\u00e1ria\u201d.<\/p>\n<p>Para tal, conciliam-se os \u201cimperativos t\u00e9cnicos \u2013 assepsia, desinfec\u00e7\u00e3o, ergonomia \u2013 com uma linguagem espacial de car\u00e1cter dom\u00e9stico, caloroso e relaxante\u201d.<\/p>\n<p>O \u201ccalor\u201d da madeira e o \u201cdesenho cuidado\u201d tornam-se, portanto, instrumentos de conforto, convocando texturas e mem\u00f3rias que \u201caproximam a cl\u00ednica do lar\u201d.<\/p>\n<p>A recep\u00e7\u00e3o, espa\u00e7o do primeiro contacto, estabelece o mote para a experi\u00eancia da Cl\u00ednica. Um tapete em taco de madeira, cadeir\u00f5es informais, um balc\u00e3o desenhado como se fora uma secret\u00e1ria de estudo, e apontamentos crom\u00e1ticos pontuais comp\u00f5em um ambiente que retira o paciente do universo cl\u00ednico convencional e inscreve-o num lugar de familiaridade e conforto dom\u00e9stico, conforme descreve o atelier Tiago do Vale Arquitectos.<\/p>\n<p>A circula\u00e7\u00e3o faz-se agora pela luz, sobre um soalho em madeira, \u201crefor\u00e7ando a rela\u00e7\u00e3o da cl\u00ednica com um antigo muro em pedra gran\u00edtica, integrado numa envolvente verde qualificada\u201d.<\/p>\n<p>Entre o corredor e os gabinetes, uma parede de blocos de vidro \u201cmedeia a rela\u00e7\u00e3o com o exterior\u201d, onde o verde natural se revela como \u201cpaisagem terap\u00eautica\u201d.<\/p>\n<p>\u00c9 nessa dire\u00e7\u00e3o que se orienta a cadeira odontol\u00f3gica, inclu\u00edndo-se tamb\u00e9m a presen\u00e7a de um \u201cdiscreto\u201d banco, acolhendo um poss\u00edvel acompanhante.<\/p>\n<p>O mobili\u00e1rio de apoio \u201crenuncia \u00e0 linguagem t\u00e9cnica e aproxima-se do universo dom\u00e9stico\u201d, evocando o desenho de aparadores e cristaleiras. Ainda assim, sem comprometer a performance t\u00e9cnica das salas, com pavimento anti-est\u00e1tico cont\u00ednuo e sem juntas, superf\u00edcies lav\u00e1veis e desinfect\u00e1veis, e uma luz neutra e abundante, \u201ccuidadosamente distribu\u00edda para anular sombras e garantir m\u00e1xima visibilidade\u201d.<\/p>\n<p>A luz quente, reservada aos espa\u00e7os de espera, ao consult\u00f3rio e \u00e0s circula\u00e7\u00f5es comuns, sublinha a \u201cidentidade e a natureza de cada momento\u201d.<\/p>\n<p><img loading=\"lazy\" decoding=\"async\" width=\"1024\" height=\"1024\" data-id=\"610821\" src=\"https:\/\/www.europesays.com\/pt\/wp-content\/uploads\/2025\/09\/JM_TdV_Clinica_079-07cf52a16f16aea7d6fdb6e9f39b11d6-1920x1920-1-1024x1024.jpg\" alt=\"Braga: arquitectos quiseram humanizar cl\u00ednica dent\u00e1ria e ganharam pr\u00e9mio internacional\" class=\"wp-image-610821\" title=\"Braga: arquitectos quiseram humanizar cl\u00ednica dent\u00e1ria e ganharam pr\u00e9mio internacional 6\"  \/>Foto: Jo\u00e3o Morgado<img loading=\"lazy\" decoding=\"async\" width=\"1024\" height=\"1024\" data-id=\"610800\" src=\"https:\/\/www.europesays.com\/pt\/wp-content\/uploads\/2025\/09\/Clinica-Nery-do-Vale_Tiago-do-Vlale_JM_5.jpg-1024x1024.webp.webp\" alt=\"Braga: arquitectos quiseram humanizar cl\u00ednica dent\u00e1ria e ganharam pr\u00e9mio internacional\" class=\"wp-image-610800\" title=\"Braga: arquitectos quiseram humanizar cl\u00ednica dent\u00e1ria e ganharam pr\u00e9mio internacional 7\"  \/>Foto: Jo\u00e3o Morgado<img loading=\"lazy\" decoding=\"async\" width=\"683\" height=\"1024\" data-id=\"610801\" src=\"https:\/\/www.europesays.com\/pt\/wp-content\/uploads\/2025\/09\/Clinica-Nery-do-Vale_Tiago-do-Vlale_JM_6.jpg-scaled-1-683x1024.webp.webp\" alt=\"Braga: arquitectos quiseram humanizar cl\u00ednica dent\u00e1ria e ganharam pr\u00e9mio internacional\" class=\"wp-image-610801\" title=\"Braga: arquitectos quiseram humanizar cl\u00ednica dent\u00e1ria e ganharam pr\u00e9mio internacional 8\"  \/>Foto: Jo\u00e3o Morgado<img loading=\"lazy\" decoding=\"async\" width=\"683\" height=\"1024\" data-id=\"610802\" src=\"https:\/\/www.europesays.com\/pt\/wp-content\/uploads\/2025\/09\/Clinica-Nery-do-Vale_Tiago-do-Vlale_JM_7.jpg-scaled-1-683x1024.webp.webp\" alt=\"Braga: arquitectos quiseram humanizar cl\u00ednica dent\u00e1ria e ganharam pr\u00e9mio internacional\" class=\"wp-image-610802\" title=\"Braga: arquitectos quiseram humanizar cl\u00ednica dent\u00e1ria e ganharam pr\u00e9mio internacional 9\"  \/>Foto: Jo\u00e3o Morgado<img loading=\"lazy\" decoding=\"async\" width=\"683\" height=\"1024\" data-id=\"610803\" src=\"https:\/\/www.europesays.com\/pt\/wp-content\/uploads\/2025\/09\/Clinica-Nery-do-Vale_Tiago-do-Vlale_JM_8.jpg-scaled-1-683x1024.webp.webp\" alt=\"Braga: arquitectos quiseram humanizar cl\u00ednica dent\u00e1ria e ganharam pr\u00e9mio internacional\" class=\"wp-image-610803\" title=\"Braga: arquitectos quiseram humanizar cl\u00ednica dent\u00e1ria e ganharam pr\u00e9mio internacional 10\"  \/>Foto: Jo\u00e3o Morgado<img loading=\"lazy\" decoding=\"async\" width=\"1024\" height=\"1024\" data-id=\"610804\" src=\"https:\/\/www.europesays.com\/pt\/wp-content\/uploads\/2025\/09\/Clinica-Nery-do-Vale_Tiago-do-Vlale_JM_10.jpg-1024x1024.webp.webp\" alt=\"Braga: arquitectos quiseram humanizar cl\u00ednica dent\u00e1ria e ganharam pr\u00e9mio internacional\" class=\"wp-image-610804\" title=\"Braga: arquitectos quiseram humanizar cl\u00ednica dent\u00e1ria e ganharam pr\u00e9mio internacional 11\"  \/>Foto: Jo\u00e3o Morgado<img loading=\"lazy\" decoding=\"async\" width=\"1024\" height=\"1024\" data-id=\"610805\" src=\"https:\/\/www.europesays.com\/pt\/wp-content\/uploads\/2025\/09\/Clinica-Nery-do-Vale_Tiago-do-Vlale_JM_11.jpg-1024x1024.webp.webp\" alt=\"Braga: arquitectos quiseram humanizar cl\u00ednica dent\u00e1ria e ganharam pr\u00e9mio internacional\" class=\"wp-image-610805\" title=\"Braga: arquitectos quiseram humanizar cl\u00ednica dent\u00e1ria e ganharam pr\u00e9mio internacional 12\"  \/>Foto: Jo\u00e3o Morgado<img loading=\"lazy\" decoding=\"async\" width=\"1024\" height=\"1024\" data-id=\"610806\" src=\"https:\/\/www.europesays.com\/pt\/wp-content\/uploads\/2025\/09\/Clinica-Nery-do-Vale_Tiago-do-Vlale_JM_14.jpg-1024x1024.webp.webp\" alt=\"Braga: arquitectos quiseram humanizar cl\u00ednica dent\u00e1ria e ganharam pr\u00e9mio internacional\" class=\"wp-image-610806\" title=\"Braga: arquitectos quiseram humanizar cl\u00ednica dent\u00e1ria e ganharam pr\u00e9mio internacional 13\"  \/>Foto: Jo\u00e3o Morgado<img loading=\"lazy\" decoding=\"async\" width=\"1024\" height=\"1024\" data-id=\"610807\" src=\"https:\/\/www.europesays.com\/pt\/wp-content\/uploads\/2025\/09\/Clinica-Nery-do-Vale_Tiago-do-Vlale_JM_17.jpg-1024x1024.webp.webp\" alt=\"Braga: arquitectos quiseram humanizar cl\u00ednica dent\u00e1ria e ganharam pr\u00e9mio internacional\" class=\"wp-image-610807\" title=\"Braga: arquitectos quiseram humanizar cl\u00ednica dent\u00e1ria e ganharam pr\u00e9mio internacional 14\"  \/>Foto: Jo\u00e3o Morgado<img loading=\"lazy\" decoding=\"async\" width=\"1024\" height=\"1024\" data-id=\"610808\" src=\"https:\/\/www.europesays.com\/pt\/wp-content\/uploads\/2025\/09\/Clinica-Nery-do-Vale_Tiago-do-Vlale_JM_18.jpg-1024x1024.webp.webp\" alt=\"Braga: arquitectos quiseram humanizar cl\u00ednica dent\u00e1ria e ganharam pr\u00e9mio internacional\" class=\"wp-image-610808\" title=\"Braga: arquitectos quiseram humanizar cl\u00ednica dent\u00e1ria e ganharam pr\u00e9mio internacional 15\"  \/>Foto: Jo\u00e3o Morgado<img loading=\"lazy\" decoding=\"async\" width=\"1024\" height=\"1024\" data-id=\"610809\" src=\"https:\/\/www.europesays.com\/pt\/wp-content\/uploads\/2025\/09\/Clinica-Nery-do-Vale_Tiago-do-Vlale_JM_25.jpg-1024x1024.webp.webp\" alt=\"Braga: arquitectos quiseram humanizar cl\u00ednica dent\u00e1ria e ganharam pr\u00e9mio internacional\" class=\"wp-image-610809\" title=\"Braga: arquitectos quiseram humanizar cl\u00ednica dent\u00e1ria e ganharam pr\u00e9mio internacional 16\"  \/>Foto: Jo\u00e3o Morgado<img loading=\"lazy\" decoding=\"async\" width=\"683\" height=\"1024\" data-id=\"610810\" src=\"https:\/\/www.europesays.com\/pt\/wp-content\/uploads\/2025\/09\/Clinica-Nery-do-Vale_Tiago-do-Vlale_JM_26.jpg-scaled-1-683x1024.webp.webp\" alt=\"Braga: arquitectos quiseram humanizar cl\u00ednica dent\u00e1ria e ganharam pr\u00e9mio internacional\" class=\"wp-image-610810\" title=\"Braga: arquitectos quiseram humanizar cl\u00ednica dent\u00e1ria e ganharam pr\u00e9mio internacional 17\"  \/>Foto: Jo\u00e3o Morgado<img loading=\"lazy\" decoding=\"async\" width=\"683\" height=\"1024\" data-id=\"610811\" src=\"https:\/\/www.europesays.com\/pt\/wp-content\/uploads\/2025\/09\/Clinica-Nery-do-Vale_Tiago-do-Vlale_JM_29.jpg-scaled-1-683x1024.webp.webp\" alt=\"Braga: arquitectos quiseram humanizar cl\u00ednica dent\u00e1ria e ganharam pr\u00e9mio internacional\" class=\"wp-image-610811\" title=\"Braga: arquitectos quiseram humanizar cl\u00ednica dent\u00e1ria e ganharam pr\u00e9mio internacional 18\"  \/>Foto: Jo\u00e3o Morgado<img loading=\"lazy\" decoding=\"async\" width=\"1024\" height=\"364\" data-id=\"610812\" src=\"https:\/\/www.europesays.com\/pt\/wp-content\/uploads\/2025\/09\/Clinica-Nery-do-Vale_Tiago-do-Vlale_JM_30.jpg-1024x364.webp.webp\" alt=\"Braga: arquitectos quiseram humanizar cl\u00ednica dent\u00e1ria e ganharam pr\u00e9mio internacional\" class=\"wp-image-610812\" title=\"Braga: arquitectos quiseram humanizar cl\u00ednica dent\u00e1ria e ganharam pr\u00e9mio internacional 19\"  \/>Foto: Jo\u00e3o Morgado<img loading=\"lazy\" decoding=\"async\" width=\"1024\" height=\"1024\" data-id=\"610813\" src=\"https:\/\/www.europesays.com\/pt\/wp-content\/uploads\/2025\/09\/Clinica-Nery-do-Vale_Tiago-do-Vlale_JM_31.jpg-1024x1024.webp.webp\" alt=\"Braga: arquitectos quiseram humanizar cl\u00ednica dent\u00e1ria e ganharam pr\u00e9mio internacional\" class=\"wp-image-610813\" title=\"Braga: arquitectos quiseram humanizar cl\u00ednica dent\u00e1ria e ganharam pr\u00e9mio internacional 20\"  \/>Foto: Jo\u00e3o Morgado<img loading=\"lazy\" decoding=\"async\" width=\"1024\" height=\"1024\" data-id=\"610814\" src=\"https:\/\/www.europesays.com\/pt\/wp-content\/uploads\/2025\/09\/Clinica-Nery-do-Vale_Tiago-do-Vlale_JM_37.jpg-1024x1024.webp.webp\" alt=\"Braga: arquitectos quiseram humanizar cl\u00ednica dent\u00e1ria e ganharam pr\u00e9mio internacional\" class=\"wp-image-610814\" title=\"Braga: arquitectos quiseram humanizar cl\u00ednica dent\u00e1ria e ganharam pr\u00e9mio internacional 21\"  \/>Foto: Jo\u00e3o Morgado<img loading=\"lazy\" decoding=\"async\" width=\"1024\" height=\"1024\" data-id=\"610815\" src=\"https:\/\/www.europesays.com\/pt\/wp-content\/uploads\/2025\/09\/Clinica-Nery-do-Vale_Tiago-do-Vlale_JM_38.jpg-1024x1024.webp.webp\" alt=\"Braga: arquitectos quiseram humanizar cl\u00ednica dent\u00e1ria e ganharam pr\u00e9mio internacional\" class=\"wp-image-610815\" title=\"Braga: arquitectos quiseram humanizar cl\u00ednica dent\u00e1ria e ganharam pr\u00e9mio internacional 22\"  \/>Foto: Jo\u00e3o Morgado<img loading=\"lazy\" decoding=\"async\" width=\"682\" height=\"1024\" data-id=\"610817\" src=\"https:\/\/www.europesays.com\/pt\/wp-content\/uploads\/2025\/09\/JM_TdV_Clinica_051-e9cb024b72cd333419ab48242da8bb7c-682x1024.jpg\" alt=\"Braga: arquitectos quiseram humanizar cl\u00ednica dent\u00e1ria e ganharam pr\u00e9mio internacional\" class=\"wp-image-610817\" title=\"Braga: arquitectos quiseram humanizar cl\u00ednica dent\u00e1ria e ganharam pr\u00e9mio internacional 23\"  \/>Foto: Jo\u00e3o Morgado<img loading=\"lazy\" decoding=\"async\" width=\"1024\" height=\"1024\" data-id=\"610818\" src=\"https:\/\/www.europesays.com\/pt\/wp-content\/uploads\/2025\/09\/JM_TdV_Clinica_064-380f7961f1aee3530fb802a4a97da780-1920x1920-1-1024x1024.jpg\" alt=\"Braga: arquitectos quiseram humanizar cl\u00ednica dent\u00e1ria e ganharam pr\u00e9mio internacional\" class=\"wp-image-610818\" title=\"Braga: arquitectos quiseram humanizar cl\u00ednica dent\u00e1ria e ganharam pr\u00e9mio internacional 24\"  \/>Foto: Jo\u00e3o Morgado<img loading=\"lazy\" decoding=\"async\" width=\"1024\" height=\"1024\" data-id=\"610819\" src=\"https:\/\/www.europesays.com\/pt\/wp-content\/uploads\/2025\/09\/JM_TdV_Clinica_070-4161a3069e8825503888df89f1a362dc-1920x1920-1-1024x1024.jpg\" alt=\"Braga: arquitectos quiseram humanizar cl\u00ednica dent\u00e1ria e ganharam pr\u00e9mio internacional\" class=\"wp-image-610819\" title=\"Braga: arquitectos quiseram humanizar cl\u00ednica dent\u00e1ria e ganharam pr\u00e9mio internacional 25\"  \/>Foto: Jo\u00e3o Morgado<img loading=\"lazy\" decoding=\"async\" width=\"1024\" height=\"1024\" data-id=\"610820\" src=\"https:\/\/www.europesays.com\/pt\/wp-content\/uploads\/2025\/09\/JM_TdV_Clinica_072-67b5a4f2b7de14620bba28f753f72777-1920x1920-1-1024x1024.jpg\" alt=\"Braga: arquitectos quiseram humanizar cl\u00ednica dent\u00e1ria e ganharam pr\u00e9mio internacional\" class=\"wp-image-610820\" title=\"Braga: arquitectos quiseram humanizar cl\u00ednica dent\u00e1ria e ganharam pr\u00e9mio internacional 26\"  \/>Foto: Jo\u00e3o Morgado<\/p>\n<p>Em paralelo ao percurso dos pacientes, que acompanha os v\u00e3os exteriores, delineia-se, do lado oposto, um segundo circuito, de uso estritamente cl\u00ednico, que permite a separa\u00e7\u00e3o entre circula\u00e7\u00f5es comuns e circula\u00e7\u00f5es de servi\u00e7o. Desenvolvendo-se atrav\u00e9s de portas de correr, assegura simultaneamente liga\u00e7\u00e3o e conten\u00e7\u00e3o entre salas.<\/p>\n<p>O consult\u00f3rio volta a citar o universo dom\u00e9stico: \u201ca madeira, o mobili\u00e1rio informal, o uso da cor e a inclus\u00e3o de uma pequena copa comp\u00f5em um espa\u00e7o de trabalho que \u00e9, tamb\u00e9m, um lugar de encontro e de escuta\u201d.<\/p>\n<p>Os arquitectos frisam que a zona de esteriliza\u00e7\u00e3o, concebida longitudinalmente entre as circula\u00e7\u00f5es sujas e as circula\u00e7\u00f5es limpas, permite procedimentos sequenciais, em conformidade com as exig\u00eancias t\u00e9cnicas da pr\u00e1tica m\u00e9dica.<\/p>\n<p>Por fim, a interven\u00e7\u00e3o contempla ainda espa\u00e7os dedicados \u00e0 ortopantomografia e instala\u00e7\u00f5es sanit\u00e1rias que, por sua vez, d\u00e3o acesso a um vesti\u00e1rio e \u00e0 zona t\u00e9cnica.<\/p>\n<p>Em suma, o gabinete de arquitetura sublinha que projeto da Cl\u00ednica Nery do Vale prop\u00f5e uma \u201creflex\u00e3o sobre o papel da arquitectura no cuidado m\u00e9dico, n\u00e3o se limitando a organizar fun\u00e7\u00f5es mas oferecendo, atrav\u00e9s do desenho, conforto, dignidade e sensibilidade\u201d.<\/p>\n<p>\u201cA proposta resgata a experi\u00eancia do espa\u00e7o cl\u00ednico do dom\u00ednio t\u00e9cnico e impessoal, projetando-o para a humanidade e a proximidade\u201d, refere.<\/p>\n<p>E conclui: \u201cEste \u00e9 um lugar onde a luz natural, a materialidade e a natureza participam no acto m\u00e9dico, acolhendo e reconfortando: um espa\u00e7o que, sendo profundamente funcional, n\u00e3o abdica de ser afectivo. Num tempo em que a t\u00e9cnica tende a obscurecer a empatia, prop\u00f5e-se uma reconcilia\u00e7\u00e3o entre ambos os mundos, oferecendo a arquitectura como instrumento de cuidado\u201d.<\/p>\n<p>O projeto foi liderados pelos arquitectos Tiago do Vale e Adriana Gomes, com o apoio de Clementina Silva, Paula Campos e Alara \u00c7a\u01e7la.<\/p>\n<p>A constru\u00e7\u00e3o esteve a cargo da empresa Construbox, sediada em Vila Verde.<\/p>\n<p>Os Loop Design Awards, registados desde 2021 em Portugal, contam com uma equipa global composta ainda por elementos dos Estados Undos da Am\u00e9rica e Jap\u00e3o.<\/p>\n<p>Nesta sexta edi\u00e7\u00e3o contou com mais de 4.000 submiss\u00f5es oriundas de 58 pa\u00edses diferentes.<\/p>\n<p>O Tiago do Vale Arquitectos foi ainda distinguido, neste pr\u00e9mio, pelo Edif\u00edcio Aurora 10, em Ponte de Lima, e o <a href=\"https:\/\/ominho.pt\/garrafeira-secreta-em-braga-ganha-premio-internacional-de-arquitetura\/\" data-type=\"link\" data-id=\"https:\/\/ominho.pt\/garrafeira-secreta-em-braga-ganha-premio-internacional-de-arquitetura\/\" rel=\"nofollow noopener\" target=\"_blank\">espa\u00e7o Recesso das Garrafas<\/a>, em Braga.<\/p>\n","protected":false},"excerpt":{"rendered":"A Cl\u00ednica Nery do Vale, em Braga, foi distinguida recentemente com o Loop Design Awards (\u201cCategory Winner\u201d), pr\u00e9mio&hellip;\n","protected":false},"author":2,"featured_media":66751,"comment_status":"","ping_status":"","sticky":false,"template":"","format":"standard","meta":{"footnotes":""},"categories":[144],"tags":[207,205,206,203,201,202,204,114,115,32,33],"class_list":{"0":"post-66750","1":"post","2":"type-post","3":"status-publish","4":"format-standard","5":"has-post-thumbnail","7":"category-arte-e-design","8":"tag-arte","9":"tag-arte-e-design","10":"tag-artedesign","11":"tag-arts","12":"tag-arts-and-design","13":"tag-artsanddesign","14":"tag-design","15":"tag-entertainment","16":"tag-entretenimento","17":"tag-portugal","18":"tag-pt"},"share_on_mastodon":{"url":"","error":""},"_links":{"self":[{"href":"https:\/\/www.europesays.com\/pt\/wp-json\/wp\/v2\/posts\/66750","targetHints":{"allow":["GET"]}}],"collection":[{"href":"https:\/\/www.europesays.com\/pt\/wp-json\/wp\/v2\/posts"}],"about":[{"href":"https:\/\/www.europesays.com\/pt\/wp-json\/wp\/v2\/types\/post"}],"author":[{"embeddable":true,"href":"https:\/\/www.europesays.com\/pt\/wp-json\/wp\/v2\/users\/2"}],"replies":[{"embeddable":true,"href":"https:\/\/www.europesays.com\/pt\/wp-json\/wp\/v2\/comments?post=66750"}],"version-history":[{"count":0,"href":"https:\/\/www.europesays.com\/pt\/wp-json\/wp\/v2\/posts\/66750\/revisions"}],"wp:featuredmedia":[{"embeddable":true,"href":"https:\/\/www.europesays.com\/pt\/wp-json\/wp\/v2\/media\/66751"}],"wp:attachment":[{"href":"https:\/\/www.europesays.com\/pt\/wp-json\/wp\/v2\/media?parent=66750"}],"wp:term":[{"taxonomy":"category","embeddable":true,"href":"https:\/\/www.europesays.com\/pt\/wp-json\/wp\/v2\/categories?post=66750"},{"taxonomy":"post_tag","embeddable":true,"href":"https:\/\/www.europesays.com\/pt\/wp-json\/wp\/v2\/tags?post=66750"}],"curies":[{"name":"wp","href":"https:\/\/api.w.org\/{rel}","templated":true}]}}