{"id":66772,"date":"2025-09-11T08:11:15","date_gmt":"2025-09-11T08:11:15","guid":{"rendered":"https:\/\/www.europesays.com\/pt\/66772\/"},"modified":"2025-09-11T08:11:15","modified_gmt":"2025-09-11T08:11:15","slug":"varandas-teve-oferta-da-arabia-mas-nao-foi-o-unico-sauditas-procuram-dirigentes-portugueses","status":"publish","type":"post","link":"https:\/\/www.europesays.com\/pt\/66772\/","title":{"rendered":"Varandas teve oferta da Ar\u00e1bia, mas n\u00e3o foi o \u00fanico: sauditas procuram dirigentes portugueses"},"content":{"rendered":"<p style=\"text-align:justify; margin-bottom:11px\">Frederico Varandas recebeu neste ver\u00e3o uma proposta da Ar\u00e1bia Saudita, que acabou por n\u00e3o aceitar. O contacto veio do Fundo de Investimento Soberano (PIF), controlado pelo governo saudita, e era para Varandas trabalhar no Al Ahli, um dos quatro grandes do pa\u00eds.<\/p>\n<p>O dirigente chegou a ouvir em detalhe qual era o projeto que o Al Ahli lhe apresentava, mas n\u00e3o quis abandonar o Sporting, segundo apurou o nosso jornal &#8211; a informa\u00e7\u00e3o da descartada oferta saudita foi publicada inicialmente pelo jornal Observador.<\/p>\n<p>O Al Ahli, de Jeddah (uma cidade na costa do Mar Vermelho, considerada nesta altura a que oferece melhor qualidade de vida na Ar\u00e1bia Saudita), foi o vencedor da Liga dos Campe\u00f5es Asi\u00e1ticos e da recente Superta\u00e7a Saudita. Tem no plantel jogadores como Mahrez, Kessi\u00e9, Ivan Toney, Demiral e Galeno.<\/p>\n<p>Ora o que \u00e9 tamb\u00e9m importante referir \u00e9 que Frederico Varandas n\u00e3o foi o \u00fanico dirigente portugu\u00eas contactado nos \u00faltimos meses pelo Fundo de Investimento Soberano, para se juntar a tantos outros compatriotas e trabalhar no multimilion\u00e1rio futebol saudita.<\/p>\n<p> Miguel Ribeiro, para come\u00e7ar&#8230; <\/p>\n<p>O <strong>Maisfutebol<\/strong> sabe que outros dirigentes de peso no futebol nacional tamb\u00e9m estiveram em conversa\u00e7\u00f5es com os clubes ligados ao PIF, tendo o primeiro caso mais flagrante (sem evolu\u00e7\u00e3o) envolvido Miguel Ribeiro, do Famalic\u00e3o.<\/p>\n<p>Em 2023, o presidente da SAD famalicense recusou uma forte investida do Al Nassr, que atualmente \u00e9 liderado por outros dois compatriotas: Sim\u00e3o Coutinho (diretor desportivo), ex-agente da Proeleven, e Jos\u00e9 Semedo (CEO), ex-jogador e amigo de longa data de Cristiano Ronaldo.<\/p>\n<p> &#8230;M\u00e1rio Branco e Tiago Lopes&#8230; <\/p>\n<p>Outro nome desta lista \u00e9 M\u00e1rio Branco. Antes de ser convidado pelo Benfica, o diretor desportivo rejeitou tamb\u00e9m duas propostas dos sauditas, sendo uma do Al Hilal e outra do Al Ettifaq. Tinha acabado de sair do Fenerbah\u00e7e e desejava regressar a Portugal.<\/p>\n<p>Tiago Lopes, CEO do Casa Pia, foi outro a ter uma proposta oficial do Fundo de Investimento Soberano, para trabalhar num clube fora dos quatro grandes: recorde-se que clubes como o NEOM, o Al Qadsiah e o Al Diriyah pertencem a empresas estatais, que s\u00e3o controladas pelo PIF.<\/p>\n<p>O contacto foi recente e tamb\u00e9m n\u00e3o teve sucesso: o dirigente considerou que este n\u00e3o era o momento de se juntar ao futebol saudita, nem a proposta era irrecus\u00e1vel ao ponto de alterar esses planos.<\/p>\n<p> &#8230; e o sucesso de Domingos Soares de Oliveira <\/p>\n<p>Neste momento, uma das maiores refer\u00eancias nos bastidores do futebol saudita \u00e9 de origem portuguesa, inclusivamente. \u00c9 um velho conhecido do Benfica, ali\u00e1s: Domingos Soares de Oliveira.<\/p>\n<p>O ex-administrador da SAD encarnada seguiu para o M\u00e9dio Oriente em 2023, para liderar a estrutura do Al Ittihad. Logo na segunda temporada no cargo, atingiu o t\u00edtulo nacional, numa equipa formada por craques internacionais, entre eles o portugu\u00eas Danilo Pereira, o brasileiro Fabinho e os franceses N\u2019Golo Kant\u00e9 e Karim Benzema.<\/p>\n<p>\u00abAntes da medi\u00e1tica reestrutura\u00e7\u00e3o do futebol no pa\u00eds, a liga saudita era formada por muitos profissionais eg\u00edpcios. Eram eles que faziam o &#8216;middle management&#8217;, entre outras palavras. Agora, o foco \u00e9 mais profissional e est\u00e1 com um olhar muito em cima dos portugueses\u00bb, explicou uma fonte pr\u00f3xima ao PIF, ao Maisfutebol.<\/p>\n<p>\u00abOs portugueses est\u00e3o em alta, e digo tamb\u00e9m os dirigentes, n\u00e3o apenas os jogadores e os treinadores. Percebem que o profissional portugu\u00eas \u00e9 mais bem preparado, estudado e, n\u00e3o menos importante, cobra mais barato no mercado, numa compara\u00e7\u00e3o direta com italianos, espanh\u00f3is e ingleses, por exemplo\u00bb, completou.<\/p>\n<p>Por fim, quem pode seguir os passos de Domingos Soares Oliveira em solo saudita \u00e9 Rui Pedro Braz. Oficialmente de sa\u00edda do Benfica, o ainda diretor desportivo j\u00e1 recebeu contactos do Fundo de Investimento Soberano (PIF) e, agora, avalia o pr\u00f3ximo passo na carreira.<\/p>\n","protected":false},"excerpt":{"rendered":"Frederico Varandas recebeu neste ver\u00e3o uma proposta da Ar\u00e1bia Saudita, que acabou por n\u00e3o aceitar. O contacto veio&hellip;\n","protected":false},"author":2,"featured_media":66773,"comment_status":"","ping_status":"","sticky":false,"template":"","format":"standard","meta":{"footnotes":""},"categories":[87],"tags":[5815,2120,685,1145,51,1529,135,5879,1664,18273,82,46,18274,32,33,47,34,134],"class_list":{"0":"post-66772","1":"post","2":"type-post","3":"status-publish","4":"format-standard","5":"has-post-thumbnail","7":"category-desporto","8":"tag-al-ahli","9":"tag-al-ittihad","10":"tag-al-nassr","11":"tag-arabia-saudita","12":"tag-benfica","13":"tag-casa-pia","14":"tag-desporto","15":"tag-famalicao","16":"tag-frederico-varandas","17":"tag-fundo-soberano","18":"tag-internacional","19":"tag-maisfutebol","20":"tag-pif","21":"tag-portugal","22":"tag-pt","23":"tag-pura-paixao","24":"tag-sporting","25":"tag-sports"},"share_on_mastodon":{"url":"","error":""},"_links":{"self":[{"href":"https:\/\/www.europesays.com\/pt\/wp-json\/wp\/v2\/posts\/66772","targetHints":{"allow":["GET"]}}],"collection":[{"href":"https:\/\/www.europesays.com\/pt\/wp-json\/wp\/v2\/posts"}],"about":[{"href":"https:\/\/www.europesays.com\/pt\/wp-json\/wp\/v2\/types\/post"}],"author":[{"embeddable":true,"href":"https:\/\/www.europesays.com\/pt\/wp-json\/wp\/v2\/users\/2"}],"replies":[{"embeddable":true,"href":"https:\/\/www.europesays.com\/pt\/wp-json\/wp\/v2\/comments?post=66772"}],"version-history":[{"count":0,"href":"https:\/\/www.europesays.com\/pt\/wp-json\/wp\/v2\/posts\/66772\/revisions"}],"wp:featuredmedia":[{"embeddable":true,"href":"https:\/\/www.europesays.com\/pt\/wp-json\/wp\/v2\/media\/66773"}],"wp:attachment":[{"href":"https:\/\/www.europesays.com\/pt\/wp-json\/wp\/v2\/media?parent=66772"}],"wp:term":[{"taxonomy":"category","embeddable":true,"href":"https:\/\/www.europesays.com\/pt\/wp-json\/wp\/v2\/categories?post=66772"},{"taxonomy":"post_tag","embeddable":true,"href":"https:\/\/www.europesays.com\/pt\/wp-json\/wp\/v2\/tags?post=66772"}],"curies":[{"name":"wp","href":"https:\/\/api.w.org\/{rel}","templated":true}]}}