{"id":66782,"date":"2025-09-11T08:20:11","date_gmt":"2025-09-11T08:20:11","guid":{"rendered":"https:\/\/www.europesays.com\/pt\/66782\/"},"modified":"2025-09-11T08:20:11","modified_gmt":"2025-09-11T08:20:11","slug":"cervo-coca-os-chifres-em-palmeira-e-encanta-em-registro-de-fotografo-no-pantanal","status":"publish","type":"post","link":"https:\/\/www.europesays.com\/pt\/66782\/","title":{"rendered":"Cervo &#8216;co\u00e7a&#8217; os chifres em palmeira e encanta em registro de fot\u00f3grafo no Pantanal"},"content":{"rendered":"<p>Exuberante e com movimentos delicados, um cervo-do-pantanal deu um <a href=\"https:\/\/midiamax.uol.com.br\/tag\/show\/\" class=\"st_tag internal_tag \" rel=\"tag nofollow noopener\" title=\"Mais not\u00edcias de Show\" target=\"_blank\">show<\/a> de graciosidade em v\u00eddeo do Instagram. O registro \u00e9 do fot\u00f3grafo de vida selvagem, Lucas Morgado, e foi publicado em seu perfil na <a href=\"https:\/\/midiamax.uol.com.br\/tag\/rede-social\/\" class=\"st_tag internal_tag \" rel=\"tag nofollow noopener\" title=\"Mais not\u00edcias de Rede Social\" target=\"_blank\">rede social<\/a>. <\/p>\n<p>Nas imagens, o animal faz movimento semelhante ao de co\u00e7ar os chifres em tronco de uma Palmeira Carand\u00e1. Em seguida, o cervo corre em dire\u00e7\u00e3o oposta \u00e0s lentes do fot\u00f3grafo. <\/p>\n<p>\u201cQue momento especial foi encontrar este lindo Cervo-do-pantanal, nas primeiras horas da manh\u00e3, marcando seu territ\u00f3rio em uma palmeira Carand\u00e1\u201d, diz a legenda da publica\u00e7\u00e3o. <\/p>\n<p>De acordo com o Plano de A\u00e7\u00e3o Nacional para a Conserva\u00e7\u00e3o dos Cerv\u00eddeos Amea\u00e7ados de Extin\u00e7\u00e3o, do ICMBio, o gesto de \u2018co\u00e7ar\u2019 os chifres em \u00e1rvores funciona como uma estrat\u00e9gia de marcar o territ\u00f3rio, afastando outros animais da esp\u00e9cie. Al\u00e9m dessa t\u00e1tica, os cervos tamb\u00e9m podem usar a urina para demarcar o local. <\/p>\n<p>Nos coment\u00e1rios, os seguidores do perfil elogiam as imagens captadas pelo fot\u00f3grafo.  \u201cQue registro fant\u00e1stico\u201d, diz um internauta. \u201cParece uma pintura. Que espet\u00e1culo da natureza\u201d, ressalta outra seguidora. <\/p>\n<blockquote class=\"instagram-media\" data-instgrm-captioned=\"\" data-instgrm-permalink=\"https:\/\/www.instagram.com\/reel\/DOY7v12kVlp\/?utm_source=ig_embed&amp;utm_campaign=loading\" data-instgrm-version=\"14\" style=\" background:#FFF; border:0; border-radius:3px; box-shadow:0 0 1px 0 rgba(0,0,0,0.5),0 1px 10px 0 rgba(0,0,0,0.15); margin: 1px; max-width:540px; min-width:326px; padding:0; width:99.375%; width:-webkit-calc(100% - 2px); width:calc(100% - 2px);\"\/>\n<p>Tem algo legal para compartilhar com a gente?\u00a0<a href=\"https:\/\/api.whatsapp.com\/send?phone=556799657898&amp;text=Quero%20contar%20uma%20hist%C3%B3ria%20para%20o%20midiamais\" rel=\"nofollow noopener\" target=\"_blank\">Fale direto com os jornalistas do MidiaMAIS atrav\u00e9s do WhatsApp.<\/a><\/p>\n<p>Mergulhe no universo do\u00a0<strong>entretenimento<\/strong>\u00a0e da\u00a0<strong>cultura<\/strong>\u00a0<a href=\"https:\/\/www.facebook.com\/groups\/379654620463392\/\" rel=\"nofollow noopener\" target=\"_blank\">participando do nosso grupo no Facebook<\/a>: um lugar aberto ao bate-papo, troca de informa\u00e7\u00e3o, sugest\u00f5es, enquetes e muito mais. Voc\u00ea tamb\u00e9m pode acompanhar nossas atualiza\u00e7\u00f5es no\u00a0<a href=\"https:\/\/www.instagram.com\/midiamais.ms\/\" rel=\"nofollow noopener\" target=\"_blank\">Instagram<\/a>\u00a0e no\u00a0<a href=\"https:\/\/www.tiktok.com\/@midiamax\" rel=\"nofollow noopener\" target=\"_blank\">Tiktok<\/a>.<\/p>\n<p>        <script async src=\"\/\/www.instagram.com\/embed.js\"><\/script><script async src=\"\/\/www.tiktok.com\/embed.js\"><\/script><\/p>\n","protected":false},"excerpt":{"rendered":"Exuberante e com movimentos delicados, um cervo-do-pantanal deu um show de graciosidade em v\u00eddeo do Instagram. O registro&hellip;\n","protected":false},"author":2,"featured_media":66783,"comment_status":"","ping_status":"","sticky":false,"template":"","format":"standard","meta":{"footnotes":""},"categories":[144],"tags":[207,205,206,203,201,202,204,114,115,32,33,5403,574],"class_list":{"0":"post-66782","1":"post","2":"type-post","3":"status-publish","4":"format-standard","5":"has-post-thumbnail","7":"category-arte-e-design","8":"tag-arte","9":"tag-arte-e-design","10":"tag-artedesign","11":"tag-arts","12":"tag-arts-and-design","13":"tag-artsanddesign","14":"tag-design","15":"tag-entertainment","16":"tag-entretenimento","17":"tag-portugal","18":"tag-pt","19":"tag-rede-social","20":"tag-show"},"share_on_mastodon":{"url":"","error":""},"_links":{"self":[{"href":"https:\/\/www.europesays.com\/pt\/wp-json\/wp\/v2\/posts\/66782","targetHints":{"allow":["GET"]}}],"collection":[{"href":"https:\/\/www.europesays.com\/pt\/wp-json\/wp\/v2\/posts"}],"about":[{"href":"https:\/\/www.europesays.com\/pt\/wp-json\/wp\/v2\/types\/post"}],"author":[{"embeddable":true,"href":"https:\/\/www.europesays.com\/pt\/wp-json\/wp\/v2\/users\/2"}],"replies":[{"embeddable":true,"href":"https:\/\/www.europesays.com\/pt\/wp-json\/wp\/v2\/comments?post=66782"}],"version-history":[{"count":0,"href":"https:\/\/www.europesays.com\/pt\/wp-json\/wp\/v2\/posts\/66782\/revisions"}],"wp:featuredmedia":[{"embeddable":true,"href":"https:\/\/www.europesays.com\/pt\/wp-json\/wp\/v2\/media\/66783"}],"wp:attachment":[{"href":"https:\/\/www.europesays.com\/pt\/wp-json\/wp\/v2\/media?parent=66782"}],"wp:term":[{"taxonomy":"category","embeddable":true,"href":"https:\/\/www.europesays.com\/pt\/wp-json\/wp\/v2\/categories?post=66782"},{"taxonomy":"post_tag","embeddable":true,"href":"https:\/\/www.europesays.com\/pt\/wp-json\/wp\/v2\/tags?post=66782"}],"curies":[{"name":"wp","href":"https:\/\/api.w.org\/{rel}","templated":true}]}}