{"id":66796,"date":"2025-09-11T08:39:08","date_gmt":"2025-09-11T08:39:08","guid":{"rendered":"https:\/\/www.europesays.com\/pt\/66796\/"},"modified":"2025-09-11T08:39:08","modified_gmt":"2025-09-11T08:39:08","slug":"5-personagens-subestimados-da-marvel-que-voce-precisa-conhecer","status":"publish","type":"post","link":"https:\/\/www.europesays.com\/pt\/66796\/","title":{"rendered":"5 personagens subestimados da Marvel que voc\u00ea precisa conhecer"},"content":{"rendered":"<p>Os Universos da <a href=\"https:\/\/recreio.com.br\/tags\/marvel\" target=\"_blank\" rel=\"noopener nofollow\">Marvel<\/a> Comics, e Cinematogr\u00e1fico, se destacam principalmente pela diversidade de personagens que encantam os espectadores com poderes \u00fanicos, hist\u00f3rias de vida impressionantes e miss\u00f5es que entret\u00eam em raz\u00e3o das tramas exploradas. Criados majoritariamente por\u00a0<strong>Stan Lee,\u00a0<\/strong>her\u00f3is como Capit\u00e3o Am\u00e9rica, Homem de Ferro, Vi\u00fava Negra, Hulk, entre outros, est\u00e3o marcados na cultura geek de maneira geracional.<\/p>\n<p>A popularidade dessas figuras, abre espa\u00e7o para o questionamento: e os her\u00f3is \u201cesquecidos\u201d pelo est\u00fadio? Teriam eles a capacidade de serem t\u00e3o ic\u00f4nicos quanto os principais nomes do MCU?\u00a0<\/p>\n<p>Pensando nisso, a RECREIO separou uma lista com cinco <a href=\"https:\/\/recreio.com.br\/noticias\/entretenimento\/5-personagens-brasileiros-da-marvel.phtml\" target=\"_blank\" rel=\"noopener nofollow\">personagens<\/a> presentes no universo do est\u00fadio que n\u00e3o possuem tanto reconhecimento pelos f\u00e3s, e que vale a pena conhec\u00ea-los. Confira!<\/p>\n<p> 1. Jack Frost <img loading=\"lazy\" decoding=\"async\" class=\"size-full wp-image-51626 img-fluid lazy\" alt=\"\" width=\"1280\" height=\"720\" src=\"https:\/\/www.europesays.com\/pt\/wp-content\/uploads\/2025\/09\/Jack-Frost-em-HQ-Homem-de-Ferro-87.jpg\"  \/>Jack Frost em HQ \u2018Homem de Ferro #87\u2019 \u2013 Reprodu\u00e7\u00e3o\/Marvel Comics <\/p>\n<p>Criado por\u00a0<a href=\"https:\/\/pt.wikipedia.org\/wiki\/Stan_Lee\" target=\"_blank\" rel=\"noopener nofollow\"><strong>Stan Lee<\/strong><\/a> no mesmo per\u00edodo que Namor e Tocha-Humana, fazendo sua primeira apari\u00e7\u00e3o em \u2018U.S.A Comics #1 (1941)\u2019, Jack Frost n\u00e3o tem muito reconhecimento pelos f\u00e3. Com poderes de controlar gelo e teletransporte, o personagem foi esquecido pelo est\u00fadio durante a Segunda Guerra Mundial, sendo apenas uma mem\u00f3ria distante para her\u00f3is como Capit\u00e3o Am\u00e9rica.<\/p>\n<p>A \u00faltima vez que o personagem apareceu nos quadrinhos foi na edi\u00e7\u00e3o de \u2018Feiticeira Escarlate\u2019, o qual revela que Frost \u00e9 descendente de Ymir e faz parte da fam\u00edlia de Thor, em certo grau de parentesco. Assim, atualmente ele atua em ca\u00e7ar os Vermes de Gelo, criados pelo vil\u00e3o para aniquilar os deuses de Asgard.<\/p>\n<p>\t  2. Marvel Boy <img loading=\"lazy\" decoding=\"async\" class=\"size-full wp-image-51625 img-fluid lazy\" alt=\"\" width=\"1280\" height=\"720\" src=\"https:\/\/www.europesays.com\/pt\/wp-content\/uploads\/2025\/09\/Marvel-Boy-em-HQ-Agents-of-Atlas-16.jpg\"  \/>Marvel Boy em HQ \u2018Agents of Atlas #16\u2019 \u2013 Reprodu\u00e7\u00e3o\/Marvel Comics <\/p>\n<p>Aprendendo a usar seus poderes telep\u00e1ticos ap\u00f3s ser criado por alien\u00edgenas de Urano, Robert Grayson \u00e9 um jovem humano que teve o corpo modificado, se transformando em um monstro que engana as pessoas para n\u00e3o saberem sua verdadeira forma f\u00edsica.\u00a0<\/p>\n<p>Fazendo sua primeira apari\u00e7\u00e3o em 1950, na <a href=\"https:\/\/www.marvel.com\/\" target=\"_blank\" rel=\"noopener nofollow\">HQ<\/a> \u2018Marvel Boy #1\u2019, o personagem foi deixado de lado pela produtora, aparecendo novamente apenas em \u2018Agents of Atlas (2006)\u2019, sendo salvo e se tornando um super-her\u00f3. Agindo como um g\u00eanio, ele \u00e9 um telepata que tenta proteger um mundo ao qual nem pertence mais.\u00a0<\/p>\n<p>  3. Comando Selvagem <img loading=\"lazy\" decoding=\"async\" class=\"size-full wp-image-51624 img-fluid lazy\" alt=\"\" width=\"1280\" height=\"720\" src=\"https:\/\/www.europesays.com\/pt\/wp-content\/uploads\/2025\/09\/Comando-Selvagem-em-HQ-Sgt.-Fury-10.jpg\"  \/>Comando Selvagem em HQ \u201dSgt. Fury Vol.2 #10\u2032 \u2013 Reprodu\u00e7\u00e3o\/Marvel Comics <\/p>\n<p>Agora falando sobre uma equipe,<strong> Stan Lee <\/strong>criou o Comando Selvagem em \u2018Sgt. Fury #10\u2019 (1963), durante a Segunda Guerra Mundial. O grupo \u00e9 a jun\u00e7\u00e3o de Nick Fury, Gabriel Jones, Isadore Coben, Percival Pinkerton e Rebel Ralston, que tinha como \u201cfun\u00e7\u00e3o\u201d apresentar um time de elite que fazia diversas miss\u00f5es ao lado do espi\u00e3o mais famoso da <a href=\"https:\/\/www.instagram.com\/marvel\/\" target=\"_blank\" rel=\"noopener nofollow\">editora<\/a>, carregando um\u00a0prop\u00f3sito pol\u00edtico e influenciaram todo o sistema de opera\u00e7\u00f5es secretas nas HQs.<\/p>\n<p>\t  4. Gatuno <img loading=\"lazy\" decoding=\"async\" class=\"size-full wp-image-51623 img-fluid lazy\" alt=\"\" width=\"1280\" height=\"720\" src=\"https:\/\/www.europesays.com\/pt\/wp-content\/uploads\/2025\/09\/Gatuno-em-HQ-Miles-Morales-Homem-Aranha-19-.jpg\"  \/>Gatuno em HQ \u201dMiles Morales Homem-Aranha Vol. 2 #19\u2032 \u2013 Reprodu\u00e7\u00e3o\/Marvel Comics <\/p>\n<p>Visualmente criado por\u00a0<strong>John Romita Jr.<\/strong>, de apenas 13 anos em 1963,\u00a0<strong>Stan Lee\u00a0<\/strong>assumiu os cr\u00e9ditos por Gatuno. Apresentado em \u2018Amazing Spider-Man #78\u2019, o personagem era um ladr\u00e3o, mas assume o posto de \u201canti-her\u00f3i\u201d ao que ajuda a proteger a cidade de Nova Iorque ao acreditar ter assassinado o Amigo da Vizinhan\u00e7a.\u00a0<\/p>\n<p>Vale destacar que a fantasia do Gatuno transita por personagens, iniciando com Hobie Brown e agora pertencendo \u00e0 Aaron Davis, o tio de Miles Morales, o Homem-Aranha do \u2018Aranhaverso\u2019.<\/p>\n<p>  5. Ka-Zar <img loading=\"lazy\" decoding=\"async\" class=\"size-full wp-image-51621 img-fluid lazy\" alt=\"\" width=\"1280\" height=\"720\" src=\"https:\/\/www.europesays.com\/pt\/wp-content\/uploads\/2025\/09\/Ka-Zar.jpg\"  \/>Imagem divulga\u00e7\u00e3o de Ka-Zar\/Reprodu\u00e7\u00e3o\/Marvel <\/p>\n<p>Considerado como um \u201cTarzan\u201d por viver na Terra Selvagem, que ainda abriga dinossauros, Kar-Zar foi introduzido pela Marvel em \u2018X-Men #10\u2019, em meados de 1965, e \u00e9 acompanhado pelo \u00faltimo tigre dente-de-sabre vivo no universo.\u00a0<\/p>\n<p>Normalmente aparecendo como um protetor do para\u00edso das criaturas jur\u00e1ssicas de suas terras, ele tamb\u00e9m tem a habilidades de usar a fauna e flora \u00e0 seu favor.<\/p>\n<p>\t                                            <script async src=\"\/\/www.instagram.com\/embed.js\"><\/script><\/p>\n","protected":false},"excerpt":{"rendered":"Os Universos da Marvel Comics, e Cinematogr\u00e1fico, se destacam principalmente pela diversidade de personagens que encantam os espectadores&hellip;\n","protected":false},"author":2,"featured_media":66797,"comment_status":"","ping_status":"","sticky":false,"template":"","format":"standard","meta":{"footnotes":""},"categories":[140],"tags":[18278,114,115,147,148,18279,18280,18281,18282,792,18283,4464,146,17261,32,33],"class_list":{"0":"post-66796","1":"post","2":"type-post","3":"status-publish","4":"format-standard","5":"has-post-thumbnail","7":"category-filmes","8":"tag-comando-selvagem","9":"tag-entertainment","10":"tag-entretenimento","11":"tag-film","12":"tag-filmes","13":"tag-gatuno","14":"tag-herois","15":"tag-jack-frost","16":"tag-kar-zar","17":"tag-marvel","18":"tag-marvel-boy","19":"tag-marvel-comics","20":"tag-movies","21":"tag-personagens","22":"tag-portugal","23":"tag-pt"},"share_on_mastodon":{"url":"","error":""},"_links":{"self":[{"href":"https:\/\/www.europesays.com\/pt\/wp-json\/wp\/v2\/posts\/66796","targetHints":{"allow":["GET"]}}],"collection":[{"href":"https:\/\/www.europesays.com\/pt\/wp-json\/wp\/v2\/posts"}],"about":[{"href":"https:\/\/www.europesays.com\/pt\/wp-json\/wp\/v2\/types\/post"}],"author":[{"embeddable":true,"href":"https:\/\/www.europesays.com\/pt\/wp-json\/wp\/v2\/users\/2"}],"replies":[{"embeddable":true,"href":"https:\/\/www.europesays.com\/pt\/wp-json\/wp\/v2\/comments?post=66796"}],"version-history":[{"count":0,"href":"https:\/\/www.europesays.com\/pt\/wp-json\/wp\/v2\/posts\/66796\/revisions"}],"wp:featuredmedia":[{"embeddable":true,"href":"https:\/\/www.europesays.com\/pt\/wp-json\/wp\/v2\/media\/66797"}],"wp:attachment":[{"href":"https:\/\/www.europesays.com\/pt\/wp-json\/wp\/v2\/media?parent=66796"}],"wp:term":[{"taxonomy":"category","embeddable":true,"href":"https:\/\/www.europesays.com\/pt\/wp-json\/wp\/v2\/categories?post=66796"},{"taxonomy":"post_tag","embeddable":true,"href":"https:\/\/www.europesays.com\/pt\/wp-json\/wp\/v2\/tags?post=66796"}],"curies":[{"name":"wp","href":"https:\/\/api.w.org\/{rel}","templated":true}]}}