{"id":66804,"date":"2025-09-11T08:45:08","date_gmt":"2025-09-11T08:45:08","guid":{"rendered":"https:\/\/www.europesays.com\/pt\/66804\/"},"modified":"2025-09-11T08:45:08","modified_gmt":"2025-09-11T08:45:08","slug":"tunisia-diz-que-ataque-a-flotilha-na-terca-feira-foi-premeditado-ajuda-humanitaria","status":"publish","type":"post","link":"https:\/\/www.europesays.com\/pt\/66804\/","title":{"rendered":"Tun\u00edsia diz que ataque \u00e0 flotilha na ter\u00e7a-feira foi premeditado | Ajuda humanit\u00e1ria"},"content":{"rendered":"<p>O ataque que visou na ter\u00e7a-feira um barco da flotilha para a Faixa de Gaza, ancorado perto de Tunis, foi &#8220;uma agress\u00e3o premeditada&#8221;, afirmou na quarta-feira o Minist\u00e9rio do Interior tunisino.<\/p>\n<p>Em comunicado, o Minist\u00e9rio indicou que estava a fazer uma investiga\u00e7\u00e3o para &#8220;fazer toda a luz&#8221; sobre o caso, para que &#8220;a opini\u00e3o p\u00fablica no mundo inteiro, e n\u00e3o apenas na Tun\u00edsia, seja informada sobre os que planificaram [o ataque], os c\u00famplices e os executantes desta agress\u00e3o&#8221;.<\/p>\n<p>A <a href=\"https:\/\/globalsumudflotilla.org\/\" target=\"_blank\" rel=\"nofollow noopener\">Global Sumud Flotilla<\/a>, que se encontra ao largo de Sidi Bou Sa\u00efd, perto de Tunis, afirmou que que dois dos seus barcos tinham sido alvo de &#8220;ataques de drones&#8221;, respectivamente na segunda-feira \u00e0 noite e <a href=\"https:\/\/www.publico.pt\/2025\/09\/10\/mundo\/noticia\/flotilha-humanitaria-gaza-denuncia-novo-ataque-incendiario-drone-2146621\" target=\"_blank\" rel=\"nofollow noopener\">ter\u00e7a-feira \u00e0 noite.<\/a><\/p>\n<p>Depois do primeiro an\u00fancio, a Guarda Nacional tunisina tinha <a href=\"https:\/\/www.publico.pt\/2025\/09\/09\/mundo\/noticia\/flotilha-gaza-barco-bandeira-portuguesa-atingido-drone-2146469\" target=\"_blank\" rel=\"nofollow noopener\">desmentido <\/a>a ocorr\u00eancia de um ataque. Tinha ent\u00e3o avan\u00e7ado a hip\u00f3tese de o fogo a bordo ter sido provocado por um cigarro.<\/p>\n<p>&#8220;Dissemos desde o primeiro dia (&#8230;) que era um ataque claramente premeditado&#8221;, disse \u00e0 AFP um dos organizadores tunisinos da flotilha, Ghassen Henchiri, em reac\u00e7\u00e3o ao comunicado. &#8220;As autoridades s\u00e3o livres de identificar ou n\u00e3o o culpado. N\u00f3s dizemos que ningu\u00e9m no mundo tem interesse em atacar a flotilha, com excep\u00e7\u00e3o de Israel&#8221;, acrescentou.<\/p>\n<p>A AFP solicitou um coment\u00e1rio aos militares israelitas, depois do primeiro an\u00fancio, na noite de segunda para ter\u00e7a-feira, solicita\u00e7\u00e3o que ainda est\u00e1 sem resposta.<\/p>\n<p>Entretanto, a flotilha adiou a sua partida para o territ\u00f3rio palestiniano, anunciou na quarta-feira um dos seus principais organizadores, o brasileiro Thiago Avila.<\/p>\n<p>&#8220;Dir-vos-emos qual \u00e9 o melhor momento para nos fazermos ao ar, em fun\u00e7\u00e3o da meteorologia&#8221;, disse, atrav\u00e9s de megafone, a uma multid\u00e3o reunida em Sidi Bou Sa\u00efd. &#8220;Esperamos partir amanh\u00e3 (quinta-feira) de manh\u00e3&#8221;, disse, entretanto, \u00e0 AFP.<\/p>\n<p>A incerteza pairou todo o dia sobre o programa, entre raz\u00f5es de seguran\u00e7a, depois dos ataques \u00e0 flotilha, atrasos nos preparativos em alguns barcos e meteorologia desfavor\u00e1vel.<\/p>\n<p>Se os barcos partirem na manh\u00e3 de quinta-feira, n\u00e3o ser\u00e1 ainda para a Faixa de Gaza, mas para o porto de Bizerte, no norte tunisino, disseram \u00e0 AFP v\u00e1rios participantes, para permitir que os navios que ainda n\u00e3o est\u00e3o prontos o fiquem.<\/p>\n<p>Nos \u00faltimos dias chegaram \u00e0 capital tunisina v\u00e1rias embarca\u00e7\u00f5es provenientes de Barcelona e s\u00e3o ainda esperados outros, para uma partida colectiva para a Faixa de Gaza.<\/p>\n<p>Entre os participantes na flotilha, provenientes de dezenas de pa\u00edses, est\u00e1 a ecologista sueca Greta Thunberg e, de Portugal, <a href=\"https:\/\/www.publico.pt\/2025\/08\/26\/politica\/noticia\/mortagua-segue-bordo-flotilha-gaza-estatuto-parlamentar-proteger-missao-2145063\" target=\"_blank\" rel=\"nofollow noopener\">Mariana Mort\u00e1gua<\/a>, Sofia Apar\u00edcio e Miguel Duarte.<\/p>\n","protected":false},"excerpt":{"rendered":"O ataque que visou na ter\u00e7a-feira um barco da flotilha para a Faixa de Gaza, ancorado perto de&hellip;\n","protected":false},"author":2,"featured_media":66805,"comment_status":"","ping_status":"","sticky":false,"template":"","format":"standard","meta":{"footnotes":""},"categories":[50],"tags":[946,27,28,257,15,16,15056,14,259,25,26,21,22,1737,432,62,12,13,19,20,23,24,13822,17,18,17696,29,30,31,63,64,65],"class_list":{"0":"post-66804","1":"post","2":"type-post","3":"status-publish","4":"format-standard","5":"has-post-thumbnail","7":"category-mundo","8":"tag-ajuda-humanitaria","9":"tag-breaking-news","10":"tag-breakingnews","11":"tag-faixa-de-gaza","12":"tag-featured-news","13":"tag-featurednews","14":"tag-greta-thunberg","15":"tag-headlines","16":"tag-israel","17":"tag-latest-news","18":"tag-latestnews","19":"tag-main-news","20":"tag-mainnews","21":"tag-mariana-mortagua","22":"tag-medio-oriente","23":"tag-mundo","24":"tag-news","25":"tag-noticias","26":"tag-noticias-principais","27":"tag-noticiasprincipais","28":"tag-principais-noticias","29":"tag-principaisnoticias","30":"tag-sofia-aparicio","31":"tag-top-stories","32":"tag-topstories","33":"tag-tunisia","34":"tag-ultimas","35":"tag-ultimas-noticias","36":"tag-ultimasnoticias","37":"tag-world","38":"tag-world-news","39":"tag-worldnews"},"share_on_mastodon":{"url":"","error":""},"_links":{"self":[{"href":"https:\/\/www.europesays.com\/pt\/wp-json\/wp\/v2\/posts\/66804","targetHints":{"allow":["GET"]}}],"collection":[{"href":"https:\/\/www.europesays.com\/pt\/wp-json\/wp\/v2\/posts"}],"about":[{"href":"https:\/\/www.europesays.com\/pt\/wp-json\/wp\/v2\/types\/post"}],"author":[{"embeddable":true,"href":"https:\/\/www.europesays.com\/pt\/wp-json\/wp\/v2\/users\/2"}],"replies":[{"embeddable":true,"href":"https:\/\/www.europesays.com\/pt\/wp-json\/wp\/v2\/comments?post=66804"}],"version-history":[{"count":0,"href":"https:\/\/www.europesays.com\/pt\/wp-json\/wp\/v2\/posts\/66804\/revisions"}],"wp:featuredmedia":[{"embeddable":true,"href":"https:\/\/www.europesays.com\/pt\/wp-json\/wp\/v2\/media\/66805"}],"wp:attachment":[{"href":"https:\/\/www.europesays.com\/pt\/wp-json\/wp\/v2\/media?parent=66804"}],"wp:term":[{"taxonomy":"category","embeddable":true,"href":"https:\/\/www.europesays.com\/pt\/wp-json\/wp\/v2\/categories?post=66804"},{"taxonomy":"post_tag","embeddable":true,"href":"https:\/\/www.europesays.com\/pt\/wp-json\/wp\/v2\/tags?post=66804"}],"curies":[{"name":"wp","href":"https:\/\/api.w.org\/{rel}","templated":true}]}}