{"id":66806,"date":"2025-09-11T08:51:08","date_gmt":"2025-09-11T08:51:08","guid":{"rendered":"https:\/\/www.europesays.com\/pt\/66806\/"},"modified":"2025-09-11T08:51:08","modified_gmt":"2025-09-11T08:51:08","slug":"jessica-tirava-afonso-da-casa-para-por-o-mais-inesperado-dos-ex-concorrentes-e-o-verniz-estala-big-brother","status":"publish","type":"post","link":"https:\/\/www.europesays.com\/pt\/66806\/","title":{"rendered":"J\u00e9ssica tirava Afonso da casa para p\u00f4r o mais inesperado dos ex-concorrentes. E o verniz estala &#8211; Big Brother"},"content":{"rendered":"<p>No Big Brother Ver\u00e3o, os concorrentes s\u00e3o confrontados com a possibilidade de fazerem uma troca, tirando um dos atuais finalistas para p\u00f4r outro. J\u00e9ssica Vieira n\u00e3o hesita em trocar Afonso Leit\u00e3o por Jo\u00e3o Oliveira e o verniz estala com Catarina Miranda.\u00a0<\/p>\n<p>Esta \u00e9 a \u00faltima semana do Big Brother Ver\u00e3o. Afonso Leit\u00e3o, Catarina Miranda, J\u00e9ssica Vieira e Viriato Quintela s\u00e3o os finalistas desta edi\u00e7\u00e3o.\u00a0<\/p>\n<p><strong>ESCOLHA O VENCEDOR:<\/strong><\/p>\n<p>AFONSO LEIT\u00c3O &#8211; 761 20 20 01<br \/>CATARINA MIRANDA &#8211; 761 20 20 05<br \/>J\u00c9SSICA VIEIRA &#8211; 761 20 20 07\u00a0<br \/>VIRIATO QUINTELA &#8211; 761 20 20 13<\/p>\n<p><strong><a href=\"https:\/\/tvi.iol.pt\/bigbrother\/aominuto\" wbo-id=\"33\" rel=\"nofollow noopener\" target=\"_blank\">Acompanhe aqui tudo o se passa na casa mais vigiada do pa\u00eds!<\/a><\/strong><\/p>\n","protected":false},"excerpt":{"rendered":"No Big Brother Ver\u00e3o, os concorrentes s\u00e3o confrontados com a possibilidade de fazerem uma troca, tirando um dos&hellip;\n","protected":false},"author":2,"featured_media":66807,"comment_status":"","ping_status":"","sticky":false,"template":"","format":"standard","meta":{"footnotes":""},"categories":[142],"tags":[2031,331,48,329,333,328,335,336,114,115,334,332,330,1417,13,32,33,151,162,227],"class_list":{"0":"post-66806","1":"post","2":"type-post","3":"status-publish","4":"format-standard","5":"has-post-thumbnail","7":"category-tv","8":"tag-afonso-leitao","9":"tag-big","10":"tag-big-brother","11":"tag-claudio-ramos","12":"tag-comentadores","13":"tag-concorrentes","14":"tag-confrontos","15":"tag-discussoes","16":"tag-entertainment","17":"tag-entretenimento","18":"tag-exclusivos","19":"tag-expulso","20":"tag-gala","21":"tag-jessica-vieira","22":"tag-noticias","23":"tag-portugal","24":"tag-pt","25":"tag-tv","26":"tag-tvi","27":"tag-videos"},"share_on_mastodon":{"url":"","error":""},"_links":{"self":[{"href":"https:\/\/www.europesays.com\/pt\/wp-json\/wp\/v2\/posts\/66806","targetHints":{"allow":["GET"]}}],"collection":[{"href":"https:\/\/www.europesays.com\/pt\/wp-json\/wp\/v2\/posts"}],"about":[{"href":"https:\/\/www.europesays.com\/pt\/wp-json\/wp\/v2\/types\/post"}],"author":[{"embeddable":true,"href":"https:\/\/www.europesays.com\/pt\/wp-json\/wp\/v2\/users\/2"}],"replies":[{"embeddable":true,"href":"https:\/\/www.europesays.com\/pt\/wp-json\/wp\/v2\/comments?post=66806"}],"version-history":[{"count":0,"href":"https:\/\/www.europesays.com\/pt\/wp-json\/wp\/v2\/posts\/66806\/revisions"}],"wp:featuredmedia":[{"embeddable":true,"href":"https:\/\/www.europesays.com\/pt\/wp-json\/wp\/v2\/media\/66807"}],"wp:attachment":[{"href":"https:\/\/www.europesays.com\/pt\/wp-json\/wp\/v2\/media?parent=66806"}],"wp:term":[{"taxonomy":"category","embeddable":true,"href":"https:\/\/www.europesays.com\/pt\/wp-json\/wp\/v2\/categories?post=66806"},{"taxonomy":"post_tag","embeddable":true,"href":"https:\/\/www.europesays.com\/pt\/wp-json\/wp\/v2\/tags?post=66806"}],"curies":[{"name":"wp","href":"https:\/\/api.w.org\/{rel}","templated":true}]}}