{"id":66821,"date":"2025-09-11T09:05:10","date_gmt":"2025-09-11T09:05:10","guid":{"rendered":"https:\/\/www.europesays.com\/pt\/66821\/"},"modified":"2025-09-11T09:05:10","modified_gmt":"2025-09-11T09:05:10","slug":"tiktok-globo-grava-piloto-para-possivel-novela-vertical-10-09-2025-ilustrada","status":"publish","type":"post","link":"https:\/\/www.europesays.com\/pt\/66821\/","title":{"rendered":"TikTok: Globo grava piloto para poss\u00edvel novela vertical &#8211; 10\/09\/2025 &#8211; Ilustrada"},"content":{"rendered":"<p>A <a href=\"https:\/\/www1.folha.uol.com.br\/folha-topicos\/globo\/\" rel=\"nofollow noopener\" target=\"\">Globo <\/a>est\u00e1 gravando o primeiro cap\u00edtulo de uma novela gravada em vertical, que ser\u00e1 estrelada pela atriz e influenciadora digital <a href=\"https:\/\/www1.folha.uol.com.br\/folha-topicos\/jade-picon\/\" rel=\"nofollow noopener\" target=\"\">Jade Picon<\/a>. Com dire\u00e7\u00e3o de Adriano Melo, a ideia \u00e9 que a produ\u00e7\u00e3o emule formato popularizado por redes como o <a href=\"https:\/\/www1.folha.uol.com.br\/folha-topicos\/tiktok\/\" rel=\"nofollow noopener\" target=\"\">TikTok<\/a>, que ganhou fama com epis\u00f3dios de at\u00e9 cinco minutos.<\/p>\n<p>A iniciativa foi descrita como um &#8220;<a href=\"https:\/\/f5.folha.uol.com.br\/colunistas\/outro-canal\/2025\/06\/globo-aposta-em-microdramas-para-aproveitar-sucesso-de-garota-do-momento-na-internet.shtml\" rel=\"nofollow noopener\" target=\"\">microdrama<\/a>&#8220;. &#8220;Em mais uma iniciativa voltada para inova\u00e7\u00e3o, os Est\u00fadios Globo desenvolvem projetos de dramaturgia em m\u00faltiplos formatos. O \u2018microdrama\u2019, gravado na vertical, \u00e9 um deles. Est\u00e1 em fase de piloto e passar\u00e1 pelos habituais processos de avalia\u00e7\u00e3o. N\u00e3o h\u00e1 previs\u00e3o de exibi\u00e7\u00e3o&#8221;, afirmou a assessoria da emissora.<\/p>\n<p>Como a maioria dos pilotos na ind\u00fastria televisiva, a grava\u00e7\u00e3o servir\u00e1 como teste, que pode implicar na poss\u00edvel aprova\u00e7\u00e3o do formato. Com o material finalizado, a Globo ir\u00e1 negociar a produ\u00e7\u00e3o completa da novela, que pode ser exibida em plataformas pr\u00f3prias, como o <a href=\"https:\/\/www1.folha.uol.com.br\/folha-topicos\/streaming\/\" rel=\"nofollow noopener\" target=\"\">Globoplay <\/a>e o <a href=\"https:\/\/f5.folha.uol.com.br\/colunistas\/cristina-padiglione\/2022\/03\/leo-picon-e-cleo-expoem-jade-e-fiuk-em-novo-quadro-do-gshow.shtml\" rel=\"nofollow noopener\" target=\"\">Gshow<\/a>, ou mesmo redes terceiras como o pr\u00f3prio TikTok.<\/p>\n<p>O formato j\u00e1 havia sido testado pela emissora no per\u00edodo final da novela &#8220;<a href=\"https:\/\/f5.folha.uol.com.br\/colunistas\/outro-canal\/2025\/06\/garota-do-momento-termina-com-audiencia-alta-na-globo-veja-numeros-do-ultimo-capitulo.shtml\" rel=\"nofollow noopener\" target=\"\">Garota do Momento<\/a>&#8220;, mas o projeto da vez trar\u00e1 uma hist\u00f3ria original e pensada para o ambiente digital. N\u00e3o h\u00e1 planos de que ela seja exibida na <a href=\"https:\/\/www1.folha.uol.com.br\/folha-topicos\/globo\/\" rel=\"nofollow noopener\" target=\"\">TV Globo<\/a>.<\/p>\n<p>Entre os planos da emissora tamb\u00e9m est\u00e1 a poss\u00edvel produ\u00e7\u00e3o de doramas, outro fen\u00f4meno que tem dominado os streamings.<\/p>\n","protected":false},"excerpt":{"rendered":"A Globo est\u00e1 gravando o primeiro cap\u00edtulo de uma novela gravada em vertical, que ser\u00e1 estrelada pela atriz&hellip;\n","protected":false},"author":2,"featured_media":66822,"comment_status":"","ping_status":"","sticky":false,"template":"","format":"standard","meta":{"footnotes":""},"categories":[142],"tags":[935,114,115,236,14417,753,6113,2931,32,33,548,218,1934,151],"class_list":{"0":"post-66821","1":"post","2":"type-post","3":"status-publish","4":"format-standard","5":"has-post-thumbnail","7":"category-tv","8":"tag-canais-de-tv","9":"tag-entertainment","10":"tag-entretenimento","11":"tag-folha","12":"tag-garota-do-momento","13":"tag-globo","14":"tag-jade-picon","15":"tag-novela","16":"tag-portugal","17":"tag-pt","18":"tag-redes-sociais","19":"tag-televisao","20":"tag-tiktok","21":"tag-tv"},"share_on_mastodon":{"url":"","error":""},"_links":{"self":[{"href":"https:\/\/www.europesays.com\/pt\/wp-json\/wp\/v2\/posts\/66821","targetHints":{"allow":["GET"]}}],"collection":[{"href":"https:\/\/www.europesays.com\/pt\/wp-json\/wp\/v2\/posts"}],"about":[{"href":"https:\/\/www.europesays.com\/pt\/wp-json\/wp\/v2\/types\/post"}],"author":[{"embeddable":true,"href":"https:\/\/www.europesays.com\/pt\/wp-json\/wp\/v2\/users\/2"}],"replies":[{"embeddable":true,"href":"https:\/\/www.europesays.com\/pt\/wp-json\/wp\/v2\/comments?post=66821"}],"version-history":[{"count":0,"href":"https:\/\/www.europesays.com\/pt\/wp-json\/wp\/v2\/posts\/66821\/revisions"}],"wp:featuredmedia":[{"embeddable":true,"href":"https:\/\/www.europesays.com\/pt\/wp-json\/wp\/v2\/media\/66822"}],"wp:attachment":[{"href":"https:\/\/www.europesays.com\/pt\/wp-json\/wp\/v2\/media?parent=66821"}],"wp:term":[{"taxonomy":"category","embeddable":true,"href":"https:\/\/www.europesays.com\/pt\/wp-json\/wp\/v2\/categories?post=66821"},{"taxonomy":"post_tag","embeddable":true,"href":"https:\/\/www.europesays.com\/pt\/wp-json\/wp\/v2\/tags?post=66821"}],"curies":[{"name":"wp","href":"https:\/\/api.w.org\/{rel}","templated":true}]}}