{"id":66861,"date":"2025-09-11T09:35:13","date_gmt":"2025-09-11T09:35:13","guid":{"rendered":"https:\/\/www.europesays.com\/pt\/66861\/"},"modified":"2025-09-11T09:35:13","modified_gmt":"2025-09-11T09:35:13","slug":"cinemas-perdem-40-de-espectadores-e-receitas","status":"publish","type":"post","link":"https:\/\/www.europesays.com\/pt\/66861\/","title":{"rendered":"cinemas perdem 40% de espectadores e receitas"},"content":{"rendered":"<p>As salas portuguesas de cinema registaram uma quebra de 41,7% no n\u00famero de espectadores em agosto face ao mesmo m\u00eas de 2024, com perdas de 39,9% na receita, revelou o Instituto do Cinema e do Audiovisual na ter\u00e7a-feira.\u00a0<\/p>\n<p>Em agosto, os cinemas portugueses contaram com 962,6 mil espectadores, perdendo mais de um ter\u00e7o dos 1,6 milh\u00f5es de agosto do ano passado.<\/p>\n<p>No que diz respeito \u00e0s receitas, agosto somou 6,24 milh\u00f5es de euros, uma quebra de 39,9% em rela\u00e7\u00e3o a agosto do ano passado, quando se fixaram em 10,4 milh\u00f5es de euros.<\/p>\n<p>No acumulado do ano, verifica-se uma quebra face a 2024, quer em termos de espectadores (menos 6,1%) quer em receitas (menos 2,9%).<\/p>\n<p>Em julho, as salas portuguesas de cinema j\u00e1 tinham registado uma quebra de 35,7% no n\u00famero de espectadores face ao mesmo m\u00eas de 2024, com perdas superiores a 31% na receita de bilheteira.<\/p>\n<p>Na altura, no balan\u00e7o dos primeiros sete meses do ano, apesar da quebra, verificavam-se ainda valores positivos face a 2024, tanto em n\u00famero de espectadores (2,8%) como em receitas (6,7%).<\/p>\n<p>As produ\u00e7\u00f5es norte-americanas lideram a lista dos filmes mais vistos do m\u00eas de agosto, com \u201cOs Mauz\u00f5es 2\u201d, de Pierre Perifel, a mobilizar o maior n\u00famero de entradas: 137 mil desde a estreia, em 31 de julho.<\/p>\n<p>&#8220;Lilo e Stitch&#8221;, de Dean Fleischer Camp, encabe\u00e7a a lista dos filmes mais vistos do ano com 660 mil espectadores, desde a estreia em 22 de maio passado.<\/p>\n<p>&#8220;Ainda Estou Aqui&#8221;, de Walter Salles, mant\u00e9m a terceira posi\u00e7\u00e3o nesta lista, com pouco mais de 384 mil espectadores, desde que chegou \u00e0s salas, em 16 de janeiro.<\/p>\n<p>&#8220;O P\u00e1tio da Saudade&#8221;, de Leonel Vieira, estreado em 14 de agosto, \u00e9 agora o filme portugu\u00eas mais visto do ano, ao somar perto de 55 mil espectadores.<\/p>\n<p>\u201cOn Falling\u201d, de Laura Carreira, desce \u00e0 segunda posi\u00e7\u00e3o, com 13 mil espectadores desde a estreia, em mar\u00e7o.<\/p>\n","protected":false},"excerpt":{"rendered":"As salas portuguesas de cinema registaram uma quebra de 41,7% no n\u00famero de espectadores em agosto face ao&hellip;\n","protected":false},"author":2,"featured_media":66862,"comment_status":"","ping_status":"","sticky":false,"template":"","format":"standard","meta":{"footnotes":""},"categories":[140],"tags":[114,115,147,148,146,32,33],"class_list":{"0":"post-66861","1":"post","2":"type-post","3":"status-publish","4":"format-standard","5":"has-post-thumbnail","7":"category-filmes","8":"tag-entertainment","9":"tag-entretenimento","10":"tag-film","11":"tag-filmes","12":"tag-movies","13":"tag-portugal","14":"tag-pt"},"share_on_mastodon":{"url":"","error":""},"_links":{"self":[{"href":"https:\/\/www.europesays.com\/pt\/wp-json\/wp\/v2\/posts\/66861","targetHints":{"allow":["GET"]}}],"collection":[{"href":"https:\/\/www.europesays.com\/pt\/wp-json\/wp\/v2\/posts"}],"about":[{"href":"https:\/\/www.europesays.com\/pt\/wp-json\/wp\/v2\/types\/post"}],"author":[{"embeddable":true,"href":"https:\/\/www.europesays.com\/pt\/wp-json\/wp\/v2\/users\/2"}],"replies":[{"embeddable":true,"href":"https:\/\/www.europesays.com\/pt\/wp-json\/wp\/v2\/comments?post=66861"}],"version-history":[{"count":0,"href":"https:\/\/www.europesays.com\/pt\/wp-json\/wp\/v2\/posts\/66861\/revisions"}],"wp:featuredmedia":[{"embeddable":true,"href":"https:\/\/www.europesays.com\/pt\/wp-json\/wp\/v2\/media\/66862"}],"wp:attachment":[{"href":"https:\/\/www.europesays.com\/pt\/wp-json\/wp\/v2\/media?parent=66861"}],"wp:term":[{"taxonomy":"category","embeddable":true,"href":"https:\/\/www.europesays.com\/pt\/wp-json\/wp\/v2\/categories?post=66861"},{"taxonomy":"post_tag","embeddable":true,"href":"https:\/\/www.europesays.com\/pt\/wp-json\/wp\/v2\/tags?post=66861"}],"curies":[{"name":"wp","href":"https:\/\/api.w.org\/{rel}","templated":true}]}}