{"id":66881,"date":"2025-09-11T09:51:08","date_gmt":"2025-09-11T09:51:08","guid":{"rendered":"https:\/\/www.europesays.com\/pt\/66881\/"},"modified":"2025-09-11T09:51:08","modified_gmt":"2025-09-11T09:51:08","slug":"aprovada-vacina-contra-epidemia-de-clamidia-em-coalas-australianos-animais","status":"publish","type":"post","link":"https:\/\/www.europesays.com\/pt\/66881\/","title":{"rendered":"Aprovada vacina contra epidemia de clam\u00eddia em coalas australianos | Animais"},"content":{"rendered":"<p>Pela primeira vez, uma vacina que tem como objectivo proteger os <a href=\"https:\/\/www.publico.pt\/2025\/07\/11\/ciencia\/noticia\/coalas-passam-apenas-dez-minutos-dia-chao-maioria-morre-2139879\" rel=\"nofollow noopener\" target=\"_blank\">coalas<\/a> da Austr\u00e1lia contra a clam\u00eddia foi aprovada, num desenvolvimento que pode impedir a propaga\u00e7\u00e3o desta doen\u00e7a fatal, que tem dizimado popula\u00e7\u00f5es deste animal, j\u00e1 amea\u00e7ado de extin\u00e7\u00e3o.<\/p>\n<p>A vacina foi desenvolvida pela Universidade de Sunshine Coast (UniSC), em Queensland, na Austr\u00e1lia, e liderada pelo professor de Microbiologia Peter Timms. Os investigadores da universidade passaram mais de dez anos a estud\u00e1-la.<\/p>\n<p>&#8220;A UniSC sabia que uma vacina de dose \u00fanica \u2014 sem a necessidade de refor\u00e7o \u2014 era a resposta para reduzir a r\u00e1pida e devastadora dissemina\u00e7\u00e3o desta doen\u00e7a, respons\u00e1vel por at\u00e9 metade das mortes de coalas em popula\u00e7\u00f5es selvagens&#8221;, disse o professor Timms, citado pelo site <a href=\"https:\/\/phys.org\/news\/2025-09-world-koala-chlamydia-vaccine.html\" rel=\"nofollow noopener\" target=\"_blank\">Phys.org<\/a>. &#8220;Algumas col\u00f3nias selvagens individuais, onde as taxas de infec\u00e7\u00e3o podem chegar a 70%, aproximam-se da extin\u00e7\u00e3o a cada dia que passa.&#8221;<\/p>\n<p>A clam\u00eddia transmite-se por contacto directo entre os <a href=\"https:\/\/www.publico.pt\/2020\/02\/05\/fugas\/noticia\/nasceu-coala-lisboa-sinal-esperanca-especie-declinio-1903016\" rel=\"nofollow noopener\" target=\"_blank\">marsupiais<\/a> \u2014 normalmente durante o acasalamento, parto ou amamenta\u00e7\u00e3o \u2014 e pode causar infertilidade e cegueira, al\u00e9m de infec\u00e7\u00f5es graves do trato urin\u00e1rio, que provocam desidrata\u00e7\u00e3o extrema e incapacidade de alimenta\u00e7\u00e3o aut\u00f3noma. Certas popula\u00e7\u00f5es de coalas nos estados de Queensland e Nova Gales do Sul registam taxas de infec\u00e7\u00e3o &#8220;em torno dos 50% e, por vezes, dos 70%&#8221;, de acordo com Timms, citado pela <a href=\"https:\/\/www.reuters.com\/business\/healthcare-pharmaceuticals\/australia-approves-first-vaccine-save-koalas-chlamydia-2025-09-10\/\" rel=\"nofollow noopener\" target=\"_blank\">Reuters<\/a>.<\/p>\n<p>A vacina, que foi testada em centenas de coalas selvagens, poder\u00e1 diminuir a probabilidade de estes animais virem a desenvolver sintomas de clam\u00eddia durante a idade reprodutiva, assim como reduzir a mortalidade entre popula\u00e7\u00f5es selvagens, em pelo menos 65%. &#8220;[A vacina] oferece tr\u00eas n\u00edveis de protec\u00e7\u00e3o: redu\u00e7\u00e3o da infec\u00e7\u00e3o, preven\u00e7\u00e3o da progress\u00e3o para doen\u00e7a cl\u00ednica e, em alguns casos, revers\u00e3o dos sintomas existentes&#8221;, explica o investigador.<\/p>\n<p>At\u00e9 agora, os antibi\u00f3ticos eram o \u00fanico tratamento dispon\u00edvel para coalas infectados com clam\u00eddia, contudo, estes prejudicam a capacidade do coala de digerir a sua \u00fanica fonte de alimento \u2014 folhas de eucalipto \u2014, j\u00e1 que destroem as bact\u00e9rias intestinais que lhes permitem o processo. Para al\u00e9m disso, este tipo de medicamentos tamb\u00e9m n\u00e3o previne infec\u00e7\u00f5es futuras.<\/p>\n<p>Os investigadores da UniSC esperam ter a possibilidade de poder fornecer a vacina gratuitamente, come\u00e7ando o processo de implementa\u00e7\u00e3o j\u00e1 em Janeiro de 2026. Contudo, a equipa ainda n\u00e3o possui recursos financeiros para alcan\u00e7ar essa ambi\u00e7\u00e3o: &#8220;Conseguir financiamento agora, para que possamos realizar a pr\u00f3xima fase em que a vacina se tornar\u00e1 realidade, e n\u00e3o apenas um teste, seria algo incr\u00edvel&#8221;, afirma Timms, citado pela BBC.<\/p>\n<p>As popula\u00e7\u00f5es de coalas no leste da Austr\u00e1lia t\u00eam enfrentado perigos crescentes nas \u00faltimas d\u00e9cadas, tendo sido classificadas, em 2022, como <a href=\"https:\/\/www.publico.pt\/2022\/02\/11\/p3\/noticia\/australia-classifica-coalas-especie-ameacada-1995124\" rel=\"nofollow noopener\" target=\"_blank\">esp\u00e9cie amea\u00e7ada<\/a>. Estas s\u00e3o provocadas por factores como inc\u00eandios florestais, desmatamento e pragas. Ainda assim, a clam\u00eddia revela-se a maior causa de morte, conforme afirma a <a href=\"https:\/\/www.bbc.com\/news\/articles\/cwylp71vnjgo\" rel=\"nofollow noopener\" target=\"_blank\">BBC<\/a>, sendo respons\u00e1vel por at\u00e9 50% das ocorr\u00eancias. Estima-se que restem apenas 50 mil destes animais na natureza.<\/p>\n","protected":false},"excerpt":{"rendered":"Pela primeira vez, uma vacina que tem como objectivo proteger os coalas da Austr\u00e1lia contra a clam\u00eddia foi&hellip;\n","protected":false},"author":2,"featured_media":66882,"comment_status":"","ping_status":"","sticky":false,"template":"","format":"standard","meta":{"footnotes":""},"categories":[86],"tags":[1353,2337,2780,3697,116,534,542,32,33,117],"class_list":{"0":"post-66881","1":"post","2":"type-post","3":"status-publish","4":"format-standard","5":"has-post-thumbnail","7":"category-saude","8":"tag-animais","9":"tag-australia","10":"tag-biodiversidade","11":"tag-conservacao-da-natureza","12":"tag-health","13":"tag-p3","14":"tag-para-redes","15":"tag-portugal","16":"tag-pt","17":"tag-saude"},"share_on_mastodon":{"url":"","error":""},"_links":{"self":[{"href":"https:\/\/www.europesays.com\/pt\/wp-json\/wp\/v2\/posts\/66881","targetHints":{"allow":["GET"]}}],"collection":[{"href":"https:\/\/www.europesays.com\/pt\/wp-json\/wp\/v2\/posts"}],"about":[{"href":"https:\/\/www.europesays.com\/pt\/wp-json\/wp\/v2\/types\/post"}],"author":[{"embeddable":true,"href":"https:\/\/www.europesays.com\/pt\/wp-json\/wp\/v2\/users\/2"}],"replies":[{"embeddable":true,"href":"https:\/\/www.europesays.com\/pt\/wp-json\/wp\/v2\/comments?post=66881"}],"version-history":[{"count":0,"href":"https:\/\/www.europesays.com\/pt\/wp-json\/wp\/v2\/posts\/66881\/revisions"}],"wp:featuredmedia":[{"embeddable":true,"href":"https:\/\/www.europesays.com\/pt\/wp-json\/wp\/v2\/media\/66882"}],"wp:attachment":[{"href":"https:\/\/www.europesays.com\/pt\/wp-json\/wp\/v2\/media?parent=66881"}],"wp:term":[{"taxonomy":"category","embeddable":true,"href":"https:\/\/www.europesays.com\/pt\/wp-json\/wp\/v2\/categories?post=66881"},{"taxonomy":"post_tag","embeddable":true,"href":"https:\/\/www.europesays.com\/pt\/wp-json\/wp\/v2\/tags?post=66881"}],"curies":[{"name":"wp","href":"https:\/\/api.w.org\/{rel}","templated":true}]}}