{"id":66900,"date":"2025-09-11T10:16:22","date_gmt":"2025-09-11T10:16:22","guid":{"rendered":"https:\/\/www.europesays.com\/pt\/66900\/"},"modified":"2025-09-11T10:16:22","modified_gmt":"2025-09-11T10:16:22","slug":"vma-2025-doja-cat-abre-premiacao-com-performance-incrivel-referencias-a-michael-jackson-e-participacao-de-kenny-g-assista","status":"publish","type":"post","link":"https:\/\/www.europesays.com\/pt\/66900\/","title":{"rendered":"VMA 2025: Doja Cat abre premia\u00e7\u00e3o com performance incr\u00edvel, refer\u00eancias a Michael Jackson e participa\u00e7\u00e3o de Kenny G; assista"},"content":{"rendered":"<p>Resumo da Not\u00edciaA nova era come\u00e7ou com impacto! Doja Cat brilhou no palco do VMA 2025, neste domingo (7), com uma performance inspirada nos anos 1980. A cantora apresentou m\u00fasicas do novo \u00e1lbum, &#8220;Vie&#8221;, e mostrou que vem a\u00ed uma fase cheia de energia e estilo retr\u00f4.<\/p>\n<p>A nova era veio com tudo! <a href=\"https:\/\/hugogloss.uol.com.br\/tag\/doja-cat\" rel=\"nofollow noopener\" target=\"_blank\">Doja Cat<\/a> foi uma das artistas que subiu ao palco do <a href=\"https:\/\/hugogloss.uol.com.br\/tag\/mtv-vmas-2024\" target=\"_blank\" rel=\"noopener nofollow\">Video Music Awards da MTV<\/a>, neste domingo (7), para uma performance incr\u00edvel. A estrela deu um gostinho do que est\u00e1 por vir no \u00e1lbum \u201cVie\u201d, com uma apresenta\u00e7\u00e3o completamente inspirada na est\u00e9tica dos anos 1980.<\/p>\n<p>A artista abriu a premia\u00e7\u00e3o esbanjando sensualidade, com muita coreografia, ao som de \u201cJealous Type\u201d. Doja surpreendeu o apresentador da noite, L.L. Cool J., ao interromper a fala dele com um an\u00fancio. A estrela iniciou a performance com nada menos que uma introdu\u00e7\u00e3o de Kenny G no saxofone.<\/p>\n<p>A estrela agitou a plateia com uma performance gigantesca, junto com muitos dan\u00e7arinos, com direito a um break dance inspirado em artistas como Michael e Janet Jackson. Ela entregou demais!<\/p>\n<p><strong>Vem conferir a apresenta\u00e7\u00e3o completa:<\/strong><\/p>\n<p>  Continua depois da Publicidade <\/p>\n<p>O quinto \u00e1lbum de est\u00fadio de Doja Cat, \u201cVie\u201d, tem o lan\u00e7amento marcado para 26 de setembro. O trabalho trar\u00e1 influ\u00eancias dos anos 1970 e 1980. \u201cJealous Type\u201d foi o single que deu o ponta p\u00e9 inicial da era. Ao lado de RAYE e LISA, a artista levou para casa a categoria \u201cMelhor K-Pop\u201d pelo feat. \u201cBorn Again\u201d.<\/p>\n<p>                                                                    <a id=\"google-news\" class=\"google-news\" href=\"https:\/\/news.google.com\/publications\/CAAqBwgKMM6ViAswv82GAw?ceid=BR:pt-419&amp;amp;oc=3&amp;amp;hl=pt-BR&amp;amp;gl=BR\" target=\"_blank\" rel=\"nofollow noopener\"><\/p>\n<p>                                            Siga a <strong> Hugo Gloss no Google News<\/strong> e acompanhe nossos destaques<\/p>\n<p>                                    <\/a><\/p>\n","protected":false},"excerpt":{"rendered":"Resumo da Not\u00edciaA nova era come\u00e7ou com impacto! Doja Cat brilhou no palco do VMA 2025, neste domingo&hellip;\n","protected":false},"author":2,"featured_media":66901,"comment_status":"","ping_status":"","sticky":false,"template":"","format":"standard","meta":{"footnotes":""},"categories":[141],"tags":[13950,114,115,18295,18296,149,150,32,33,18297,4230],"class_list":{"0":"post-66900","1":"post","2":"type-post","3":"status-publish","4":"format-standard","5":"has-post-thumbnail","7":"category-musica","8":"tag-doja-cat","9":"tag-entertainment","10":"tag-entretenimento","11":"tag-mtv-vma","12":"tag-mtv-vma-2025","13":"tag-music","14":"tag-musica","15":"tag-portugal","16":"tag-pt","17":"tag-video-music-awards","18":"tag-vma"},"share_on_mastodon":{"url":"","error":""},"_links":{"self":[{"href":"https:\/\/www.europesays.com\/pt\/wp-json\/wp\/v2\/posts\/66900","targetHints":{"allow":["GET"]}}],"collection":[{"href":"https:\/\/www.europesays.com\/pt\/wp-json\/wp\/v2\/posts"}],"about":[{"href":"https:\/\/www.europesays.com\/pt\/wp-json\/wp\/v2\/types\/post"}],"author":[{"embeddable":true,"href":"https:\/\/www.europesays.com\/pt\/wp-json\/wp\/v2\/users\/2"}],"replies":[{"embeddable":true,"href":"https:\/\/www.europesays.com\/pt\/wp-json\/wp\/v2\/comments?post=66900"}],"version-history":[{"count":0,"href":"https:\/\/www.europesays.com\/pt\/wp-json\/wp\/v2\/posts\/66900\/revisions"}],"wp:featuredmedia":[{"embeddable":true,"href":"https:\/\/www.europesays.com\/pt\/wp-json\/wp\/v2\/media\/66901"}],"wp:attachment":[{"href":"https:\/\/www.europesays.com\/pt\/wp-json\/wp\/v2\/media?parent=66900"}],"wp:term":[{"taxonomy":"category","embeddable":true,"href":"https:\/\/www.europesays.com\/pt\/wp-json\/wp\/v2\/categories?post=66900"},{"taxonomy":"post_tag","embeddable":true,"href":"https:\/\/www.europesays.com\/pt\/wp-json\/wp\/v2\/tags?post=66900"}],"curies":[{"name":"wp","href":"https:\/\/api.w.org\/{rel}","templated":true}]}}