{"id":66956,"date":"2025-09-11T11:20:07","date_gmt":"2025-09-11T11:20:07","guid":{"rendered":"https:\/\/www.europesays.com\/pt\/66956\/"},"modified":"2025-09-11T11:20:07","modified_gmt":"2025-09-11T11:20:07","slug":"otamendi-tenho-um-ano-de-contrato-com-o-benfica-e-depois-do-mundial","status":"publish","type":"post","link":"https:\/\/www.europesays.com\/pt\/66956\/","title":{"rendered":"Otamendi: \u00abTenho um ano de contrato com o Benfica e depois do Mundial&#8230;\u00bb"},"content":{"rendered":"<p>Com um ano de contrato com o Benfica, Nicol\u00e1s Otamendi abriu portas a uma possibilidade de deixar os encarnados no final da temporada, ap\u00f3s o Mundial 2026. Apontado muitas vezes ao River Plate, o central voltou a frisar que sempre teve uma liga\u00e7\u00e3o com o clube argentino, apesar de nunca o ter representado.<\/p>\n<p>\u00abTenho um ano de contrato com o Benfica. Depois do Mundial 2026 vou ver o que irei fazer. Toda a minha fam\u00edlia \u00e9 do River Plate\u00bb, come\u00e7ou por dizer em entrevista ao Telefe.<\/p>\n<p>Sobre Marcelo Gallardo, treinador do River Plate, o jogador negou qualquer contacto entre ambos.<\/p>\n<p>\u00abNunca falei com Marcelo Gallardo. Nunca tive a oportunidade de falar com ele\u00bb, disse.<\/p>\n<p>No seguimento, o capit\u00e3o das \u00e1guias confirmou algo que j\u00e1 seria esperado: o Mundial 2026 \u00e9 o \u00faltimo torneio que ir\u00e1 disputar com a camisola da Argentina: \u00abSer\u00e1 a minha \u00faltima competi\u00e7\u00e3o com a sele\u00e7\u00e3o. Cada vez que vesti a camisola da sele\u00e7\u00e3o tentei dar sempre o m\u00e1ximo\u00bb, disse em entrevista ao Telefe.<\/p>\n<p>\u00abCustou-me muito chegar a jogar na sele\u00e7\u00e3o principal e a minha fam\u00edlia ensinou-me que tudo custa. Na vida tens de ser um guerreiro e tentar dar o melhor de ti. E, se as coisas n\u00e3o te saem bem, h\u00e1 que voltar a tentar no dia seguinte. \u00c9 assim a vida\u00bb, finalizou.<\/p>\n","protected":false},"excerpt":{"rendered":"Com um ano de contrato com o Benfica, Nicol\u00e1s Otamendi abriu portas a uma possibilidade de deixar os&hellip;\n","protected":false},"author":2,"featured_media":66957,"comment_status":"","ping_status":"","sticky":false,"template":"","format":"standard","meta":{"footnotes":""},"categories":[87],"tags":[2424,51,18302,135,82,46,12632,17785,32,33,47,134],"class_list":{"0":"post-66956","1":"post","2":"type-post","3":"status-publish","4":"format-standard","5":"has-post-thumbnail","7":"category-desporto","8":"tag-argentina","9":"tag-benfica","10":"tag-contrato","11":"tag-desporto","12":"tag-internacional","13":"tag-maisfutebol","14":"tag-mundial-2026","15":"tag-otamendi","16":"tag-portugal","17":"tag-pt","18":"tag-pura-paixao","19":"tag-sports"},"share_on_mastodon":{"url":"","error":""},"_links":{"self":[{"href":"https:\/\/www.europesays.com\/pt\/wp-json\/wp\/v2\/posts\/66956","targetHints":{"allow":["GET"]}}],"collection":[{"href":"https:\/\/www.europesays.com\/pt\/wp-json\/wp\/v2\/posts"}],"about":[{"href":"https:\/\/www.europesays.com\/pt\/wp-json\/wp\/v2\/types\/post"}],"author":[{"embeddable":true,"href":"https:\/\/www.europesays.com\/pt\/wp-json\/wp\/v2\/users\/2"}],"replies":[{"embeddable":true,"href":"https:\/\/www.europesays.com\/pt\/wp-json\/wp\/v2\/comments?post=66956"}],"version-history":[{"count":0,"href":"https:\/\/www.europesays.com\/pt\/wp-json\/wp\/v2\/posts\/66956\/revisions"}],"wp:featuredmedia":[{"embeddable":true,"href":"https:\/\/www.europesays.com\/pt\/wp-json\/wp\/v2\/media\/66957"}],"wp:attachment":[{"href":"https:\/\/www.europesays.com\/pt\/wp-json\/wp\/v2\/media?parent=66956"}],"wp:term":[{"taxonomy":"category","embeddable":true,"href":"https:\/\/www.europesays.com\/pt\/wp-json\/wp\/v2\/categories?post=66956"},{"taxonomy":"post_tag","embeddable":true,"href":"https:\/\/www.europesays.com\/pt\/wp-json\/wp\/v2\/tags?post=66956"}],"curies":[{"name":"wp","href":"https:\/\/api.w.org\/{rel}","templated":true}]}}