{"id":66961,"date":"2025-09-11T11:26:10","date_gmt":"2025-09-11T11:26:10","guid":{"rendered":"https:\/\/www.europesays.com\/pt\/66961\/"},"modified":"2025-09-11T11:26:10","modified_gmt":"2025-09-11T11:26:10","slug":"portugal-e-japao-avancam-para-nova-fase-de-cooperacao-bilateral","status":"publish","type":"post","link":"https:\/\/www.europesays.com\/pt\/66961\/","title":{"rendered":"Portugal e Jap\u00e3o avan\u00e7am para \u201cnova fase\u201d de coopera\u00e7\u00e3o bilateral"},"content":{"rendered":"<p><b>Acompanhe toda a atualidade informativa em\u00a0<\/b><a href=\"http:\/\/24noticias.sapo.pt\/\" rel=\"nofollow noopener\" target=\"_blank\"><b>24noticias.sapo.pt<\/b><\/a><\/p>\n<p id=\"s-p-embed-68\" data-start=\"2426\" data-end=\"2719\">No encontro com o primeiro-ministro japon\u00eas demission\u00e1rio, Shigeru Ishiba, em T\u00f3quio, Montenegro destacou que a parceria permitir\u00e1 aprofundar \u00e1reas como seguran\u00e7a e defesa, novas tecnologias, energia e partilha de conhecimento cient\u00edfico entre institui\u00e7\u00f5es de ensino.<\/p>\n<p>\u201cN\u00e3o se trata apenas de uma designa\u00e7\u00e3o vaga, \u00e9 um compromisso para podermos ir mais longe na nossa coopera\u00e7\u00e3o\u201d, afirmou o primeiro-ministro portugu\u00eas.<\/p>\n<p>Durante a reuni\u00e3o, Montenegro agradeceu a Ishiba a solidariedade demonstrada face aos inc\u00eandios de agosto e ao acidente com o Elevador da Gl\u00f3ria, que provocou 16 mortes em Lisboa.<\/p>\n<p>O chefe do Governo salientou ainda a rela\u00e7\u00e3o hist\u00f3rica de 480 anos entre os dois pa\u00edses, considerando a sua visita uma \u201cprova de amizade e uma oportunidade\u201d para fortalecer v\u00ednculos.<\/p>\n<p>A declara\u00e7\u00e3o conjunta que formaliza a parceria estrat\u00e9gica prev\u00ea maior regularidade nos encontros entre ministros e respons\u00e1veis governamentais. No primeiro dia da visita, os ministros dos Neg\u00f3cios Estrangeiros, Paulo Rangel, e da Economia e da Coes\u00e3o Territorial, Manuel Castro Almeida, reuniram-se com os hom\u00f3logos japoneses.<\/p>\n<p>No plano econ\u00f3mico, Montenegro recordou que mais de mil empresas portuguesas est\u00e3o ativas no Jap\u00e3o, em setores como agricultura, ind\u00fastria, medicamentos e energia, e adiantou que a parceria estrat\u00e9gica ir\u00e1 incluir tamb\u00e9m \u00e1reas como prote\u00e7\u00e3o civil, seguran\u00e7a e defesa.<\/p>\n<p>Do lado cultural, o primeiro-ministro destacou o ensino rec\u00edproco das l\u00ednguas portuguesa e japonesa e apontou a Expo de Osaka, que visitar\u00e1 na sexta-feira, como exemplo da coopera\u00e7\u00e3o pol\u00edtica, cultural e econ\u00f3mica, lembrando que o Pavilh\u00e3o de Portugal j\u00e1 recebeu mais de 1,4 milh\u00f5es de visitantes.<\/p>\n<p>No dom\u00ednio internacional, Montenegro reiterou a condena\u00e7\u00e3o da R\u00fassia pela viola\u00e7\u00e3o da soberania da Ucr\u00e2nia e criticou o programa nuclear e bal\u00edstico da Coreia do Norte, sublinhando que a parceria estrat\u00e9gica com o Jap\u00e3o visa trazer \u201cmais bem-estar e desenvolvimento\u201d aos dois pa\u00edses.<\/p>\n<p>Shigeru Ishiba salientou que a coopera\u00e7\u00e3o entre Portugal e Jap\u00e3o \u201c\u00e9 mais importante do que nunca\u201d face aos desafios globais de seguran\u00e7a, destacando a presen\u00e7a de cerca de 120 empresas japonesas em Portugal e o crescimento da colabora\u00e7\u00e3o empresarial em energias renov\u00e1veis e infraestruturas.<\/p>\n","protected":false},"excerpt":{"rendered":"Acompanhe toda a atualidade informativa em\u00a024noticias.sapo.pt No encontro com o primeiro-ministro japon\u00eas demission\u00e1rio, Shigeru Ishiba, em T\u00f3quio, Montenegro&hellip;\n","protected":false},"author":2,"featured_media":66962,"comment_status":"","ping_status":"","sticky":false,"template":"","format":"standard","meta":{"footnotes":""},"categories":[10],"tags":[27,28,15,16,14,25,26,21,22,12,13,19,20,32,23,24,33,17,18,29,30,31],"class_list":{"0":"post-66961","1":"post","2":"type-post","3":"status-publish","4":"format-standard","5":"has-post-thumbnail","7":"category-portugal","8":"tag-breaking-news","9":"tag-breakingnews","10":"tag-featured-news","11":"tag-featurednews","12":"tag-headlines","13":"tag-latest-news","14":"tag-latestnews","15":"tag-main-news","16":"tag-mainnews","17":"tag-news","18":"tag-noticias","19":"tag-noticias-principais","20":"tag-noticiasprincipais","21":"tag-portugal","22":"tag-principais-noticias","23":"tag-principaisnoticias","24":"tag-pt","25":"tag-top-stories","26":"tag-topstories","27":"tag-ultimas","28":"tag-ultimas-noticias","29":"tag-ultimasnoticias"},"share_on_mastodon":{"url":"","error":""},"_links":{"self":[{"href":"https:\/\/www.europesays.com\/pt\/wp-json\/wp\/v2\/posts\/66961","targetHints":{"allow":["GET"]}}],"collection":[{"href":"https:\/\/www.europesays.com\/pt\/wp-json\/wp\/v2\/posts"}],"about":[{"href":"https:\/\/www.europesays.com\/pt\/wp-json\/wp\/v2\/types\/post"}],"author":[{"embeddable":true,"href":"https:\/\/www.europesays.com\/pt\/wp-json\/wp\/v2\/users\/2"}],"replies":[{"embeddable":true,"href":"https:\/\/www.europesays.com\/pt\/wp-json\/wp\/v2\/comments?post=66961"}],"version-history":[{"count":0,"href":"https:\/\/www.europesays.com\/pt\/wp-json\/wp\/v2\/posts\/66961\/revisions"}],"wp:featuredmedia":[{"embeddable":true,"href":"https:\/\/www.europesays.com\/pt\/wp-json\/wp\/v2\/media\/66962"}],"wp:attachment":[{"href":"https:\/\/www.europesays.com\/pt\/wp-json\/wp\/v2\/media?parent=66961"}],"wp:term":[{"taxonomy":"category","embeddable":true,"href":"https:\/\/www.europesays.com\/pt\/wp-json\/wp\/v2\/categories?post=66961"},{"taxonomy":"post_tag","embeddable":true,"href":"https:\/\/www.europesays.com\/pt\/wp-json\/wp\/v2\/tags?post=66961"}],"curies":[{"name":"wp","href":"https:\/\/api.w.org\/{rel}","templated":true}]}}