{"id":67021,"date":"2025-09-11T12:20:07","date_gmt":"2025-09-11T12:20:07","guid":{"rendered":"https:\/\/www.europesays.com\/pt\/67021\/"},"modified":"2025-09-11T12:20:07","modified_gmt":"2025-09-11T12:20:07","slug":"atracao-do-the-town-mariah-carey-desembarca-em-sao-paulo-celebridades","status":"publish","type":"post","link":"https:\/\/www.europesays.com\/pt\/67021\/","title":{"rendered":"Atra\u00e7\u00e3o do &#8216;The Town&#8217;, Mariah Carey desembarca em S\u00e3o Paulo | Celebridades"},"content":{"rendered":"\n<p>Rio &#8211; Uma das atra\u00e7\u00f5es do &#8216;The Town&#8217;,\u00a0Mariah Carey, de 56 anos,\u00a0desembarcou em S\u00e3o Paulo, na madrugada desta quinta-feira (11). Ao chegar no hotel, a artista, que usava um look preto e \u00f3culos escuros, foi recebida por uma legi\u00e3o de f\u00e3s. Simp\u00e1tica, ela distribuiu sorrisos e aut\u00f3grafos.\u00a0\u00a0<\/p>\n<p>Conhecida por sucessos como\u00a0e &#8220;Belong Together&#8221;, &#8220;Obsessed&#8221;, &#8220;Touch My Body&#8221; e o hit natalino &#8220;All I Want for Christmas Is You&#8221;, Mariah se apresenta no festival neste s\u00e1bado (13), no palco Skyline. No mesmo dia, Ivete Sangalo, Jessie J e Natasha Bedingfield fazem show.\u00a0<\/p>\n<p>\u00a0<\/p>\n<p>\u00a0<\/p>\n","protected":false},"excerpt":{"rendered":"Rio &#8211; Uma das atra\u00e7\u00f5es do &#8216;The Town&#8217;,\u00a0Mariah Carey, de 56 anos,\u00a0desembarcou em S\u00e3o Paulo, na madrugada desta&hellip;\n","protected":false},"author":2,"featured_media":67022,"comment_status":"","ping_status":"","sticky":false,"template":"","format":"standard","meta":{"footnotes":""},"categories":[145],"tags":[726,211,210,114,115,1507,272,32,33,654,11077],"class_list":{"0":"post-67021","1":"post","2":"type-post","3":"status-publish","4":"format-standard","5":"has-post-thumbnail","7":"category-celebridades","8":"tag-brasil","9":"tag-celebridades","10":"tag-celebrities","11":"tag-entertainment","12":"tag-entretenimento","13":"tag-fas","14":"tag-mariah-carey","15":"tag-portugal","16":"tag-pt","17":"tag-sao-paulo","18":"tag-the-town"},"share_on_mastodon":{"url":"","error":""},"_links":{"self":[{"href":"https:\/\/www.europesays.com\/pt\/wp-json\/wp\/v2\/posts\/67021","targetHints":{"allow":["GET"]}}],"collection":[{"href":"https:\/\/www.europesays.com\/pt\/wp-json\/wp\/v2\/posts"}],"about":[{"href":"https:\/\/www.europesays.com\/pt\/wp-json\/wp\/v2\/types\/post"}],"author":[{"embeddable":true,"href":"https:\/\/www.europesays.com\/pt\/wp-json\/wp\/v2\/users\/2"}],"replies":[{"embeddable":true,"href":"https:\/\/www.europesays.com\/pt\/wp-json\/wp\/v2\/comments?post=67021"}],"version-history":[{"count":0,"href":"https:\/\/www.europesays.com\/pt\/wp-json\/wp\/v2\/posts\/67021\/revisions"}],"wp:featuredmedia":[{"embeddable":true,"href":"https:\/\/www.europesays.com\/pt\/wp-json\/wp\/v2\/media\/67022"}],"wp:attachment":[{"href":"https:\/\/www.europesays.com\/pt\/wp-json\/wp\/v2\/media?parent=67021"}],"wp:term":[{"taxonomy":"category","embeddable":true,"href":"https:\/\/www.europesays.com\/pt\/wp-json\/wp\/v2\/categories?post=67021"},{"taxonomy":"post_tag","embeddable":true,"href":"https:\/\/www.europesays.com\/pt\/wp-json\/wp\/v2\/tags?post=67021"}],"curies":[{"name":"wp","href":"https:\/\/api.w.org\/{rel}","templated":true}]}}