{"id":67042,"date":"2025-09-11T12:33:04","date_gmt":"2025-09-11T12:33:04","guid":{"rendered":"https:\/\/www.europesays.com\/pt\/67042\/"},"modified":"2025-09-11T12:33:04","modified_gmt":"2025-09-11T12:33:04","slug":"ventura-acusa-pr-de-ir-a-festival-de-hamburgueres-que-na-verdade-e-festa-dos-cidadaos-em-berlim","status":"publish","type":"post","link":"https:\/\/www.europesays.com\/pt\/67042\/","title":{"rendered":"Ventura acusa PR de ir a festival de hamb\u00fargueres que na verdade \u00e9 Festa dos Cidad\u00e3os em Berlim"},"content":{"rendered":"<p>&#13;<br \/>\nEsta acusa\u00e7\u00e3o ao Presidente da Rep\u00fablica foi feita por Andr\u00e9 Ventura nas redes sociais\u00a0na quarta-feira, depois de o Chega no parlamento ter votado contra a desloca\u00e7\u00e3o de Marcelo Rebelo de Sousa \u00e0 Alemanha, para uma visita oficial, entre hoje e s\u00e1bado, a convite do seu hom\u00f3logo alem\u00e3o.&#13;\n<\/p>\n<p>&#13;<br \/>\n&#8220;O Parlamento aprovou a ida do Presidente da Rep\u00fablica \u00e0 Alemanha para ir a um festival de hamb\u00fargueres. \u00c0 conta dos nossos impostos. Acham isto normal? Ser\u00e1 que os portugueses n\u00e3o se revoltam?&#8221;, l\u00ea-se numa mensagem publicada pelo presidente do Chega na rede social X.&#13;\n<\/p>\n<p>&#13;<br \/>\nNum v\u00eddeo publicado no Instagram, em que aparece com um documento na m\u00e3o, Andr\u00e9 Ventura faz a mesma acusa\u00e7\u00e3o, referindo-se ao encontro B\u00fcrgerfest\u00a0como sendo &#8220;um festival de hamb\u00fargueres&#8221;, quando na verdade se trata de uma Festa dos Cidad\u00e3os, na tradu\u00e7\u00e3o para portugu\u00eas, realizada nos jardins do pal\u00e1cio presidencial, em Berlim.&#13;\n<\/p>\n<p>&#13;<br \/>\n&#8220;O Chega votou contra, como \u00e9 evidente. Isto \u00e9 uma bandalheira. Mas sabem por que \u00e9 isto passa, sabem por que \u00e9 que coisas destas passam? Porque voc\u00eas n\u00e3o sabem disto. Voc\u00eas n\u00e3o se revoltam com isto porque n\u00e3o sabem&#8221;, acrescenta Andr\u00e9 Ventura.&#13;\n<\/p>\n<p>&#13;<br \/>\nAssim como na rede social X, tamb\u00e9m no v\u00eddeo publicado no Instagram o presidente do Chega associa a desloca\u00e7\u00e3o do chefe de Estado \u00e0 Alemanha, para um suposto festival de hamb\u00fargueres, a um preju\u00edzo para os contribuintes portugueses e comenta: &#8220;Digam-me o qu\u00e3o rid\u00edculo isto \u00e9, o qu\u00e3o est\u00fapido isto \u00e9&#8221;.&#13;\n<\/p>\n<p>&#13;<br \/>\nNuma nota publicada na quarta-feira de manh\u00e3 no s\u00edtio oficial da Presid\u00eancia da Rep\u00fablica na Internet, antes da vota\u00e7\u00e3o no parlamento, que ocorreu durante a tarde, informa-se que Marcelo Rebelo de Sousa ser\u00e1 recebido pelo Presidente alem\u00e3o, Frank-Walter Steinmeier, e \u00e9 feito um enquadramento sobre a iniciativa B\u00fcrgerfest.&#13;\n<\/p>\n<p>&#13;<br \/>\nTrata-se de uma Festa dos Cidad\u00e3os &#8220;que se realiza anualmente nos jardins da resid\u00eancia oficial do Presidente Federal, para honrar o trabalho volunt\u00e1rio e promover o envolvimento c\u00edvico dos cidad\u00e3os&#8221;, refere-se na nota.&#13;<\/p>\n","protected":false},"excerpt":{"rendered":"&#13; Esta acusa\u00e7\u00e3o ao Presidente da Rep\u00fablica foi feita por Andr\u00e9 Ventura nas redes sociais\u00a0na quarta-feira, depois de&hellip;\n","protected":false},"author":2,"featured_media":67043,"comment_status":"","ping_status":"","sticky":false,"template":"","format":"standard","meta":{"footnotes":""},"categories":[8],"tags":[9407,27,28,1736,15,16,301,14,25,26,1447,21,22,12,13,19,20,32,3610,23,24,33,17,18,29,30,31],"class_list":{"0":"post-67042","1":"post","2":"type-post","3":"status-publish","4":"format-standard","5":"has-post-thumbnail","7":"category-principais-noticias","8":"tag-berlim","9":"tag-breaking-news","10":"tag-breakingnews","11":"tag-chega","12":"tag-featured-news","13":"tag-featurednews","14":"tag-governo","15":"tag-headlines","16":"tag-latest-news","17":"tag-latestnews","18":"tag-luis-montenegro","19":"tag-main-news","20":"tag-mainnews","21":"tag-news","22":"tag-noticias","23":"tag-noticias-principais","24":"tag-noticiasprincipais","25":"tag-portugal","26":"tag-primeiro-ministro","27":"tag-principais-noticias","28":"tag-principaisnoticias","29":"tag-pt","30":"tag-top-stories","31":"tag-topstories","32":"tag-ultimas","33":"tag-ultimas-noticias","34":"tag-ultimasnoticias"},"share_on_mastodon":{"url":"","error":""},"_links":{"self":[{"href":"https:\/\/www.europesays.com\/pt\/wp-json\/wp\/v2\/posts\/67042","targetHints":{"allow":["GET"]}}],"collection":[{"href":"https:\/\/www.europesays.com\/pt\/wp-json\/wp\/v2\/posts"}],"about":[{"href":"https:\/\/www.europesays.com\/pt\/wp-json\/wp\/v2\/types\/post"}],"author":[{"embeddable":true,"href":"https:\/\/www.europesays.com\/pt\/wp-json\/wp\/v2\/users\/2"}],"replies":[{"embeddable":true,"href":"https:\/\/www.europesays.com\/pt\/wp-json\/wp\/v2\/comments?post=67042"}],"version-history":[{"count":0,"href":"https:\/\/www.europesays.com\/pt\/wp-json\/wp\/v2\/posts\/67042\/revisions"}],"wp:featuredmedia":[{"embeddable":true,"href":"https:\/\/www.europesays.com\/pt\/wp-json\/wp\/v2\/media\/67043"}],"wp:attachment":[{"href":"https:\/\/www.europesays.com\/pt\/wp-json\/wp\/v2\/media?parent=67042"}],"wp:term":[{"taxonomy":"category","embeddable":true,"href":"https:\/\/www.europesays.com\/pt\/wp-json\/wp\/v2\/categories?post=67042"},{"taxonomy":"post_tag","embeddable":true,"href":"https:\/\/www.europesays.com\/pt\/wp-json\/wp\/v2\/tags?post=67042"}],"curies":[{"name":"wp","href":"https:\/\/api.w.org\/{rel}","templated":true}]}}