{"id":67062,"date":"2025-09-11T12:46:25","date_gmt":"2025-09-11T12:46:25","guid":{"rendered":"https:\/\/www.europesays.com\/pt\/67062\/"},"modified":"2025-09-11T12:46:25","modified_gmt":"2025-09-11T12:46:25","slug":"carneiro-prefere-perder-presidencias-de-autarquias-a-negociar-com-o-chega-entrevista","status":"publish","type":"post","link":"https:\/\/www.europesays.com\/pt\/67062\/","title":{"rendered":"Carneiro prefere perder presid\u00eancias de autarquias a negociar com o Chega | Entrevista"},"content":{"rendered":"<p>Com os olhos numa vit\u00f3ria nas elei\u00e7\u00f5es de 12 de Outubro, candidatos do PS v\u00e3o assinar compromisso em como n\u00e3o far\u00e3o acordos p\u00f3s-eleitorais com o Chega e perder\u00e3o a confian\u00e7a do partido se desrespeitarem a ordem.<\/p>\n<p><strong>As elei\u00e7\u00f5es aut\u00e1rquicas s\u00e3o daqui a um m\u00eas.<a href=\"https:\/\/www.publico.pt\/2025\/06\/30\/politica\/noticia\/carneiro-admite-eleicoes-exigencia-forte-quer-ganhar-2138399\" rel=\"nofollow noopener\" target=\"_blank\"> Ganhar o Porto ou Lisboa<\/a>, ou manter Sintra, Amadora e Gaia s\u00e3o vit\u00f3rias pol\u00edticas fundamentais?<\/strong><br \/>Concorremos \u00e0s aut\u00e1rquicas para ganhar. Ganhar \u00e9 termos mais votos, mais c\u00e2maras, mais assembleias, mais juntas de freguesia. Esse \u00e9 o nosso objectivo pol\u00edtico e eleitoral e est\u00e1 ao nosso alcance. Estamos a mudar de ciclo, h\u00e1 50 autarcas do PS que concluem os 12 anos de mandato e \u00e9 importante termos nas c\u00e2maras municipais perfis de lideran\u00e7a que ajudem a concretizar os objectivos de desenvolvimento do pa\u00eds.<\/p>\n<p><strong>Nessa mudan\u00e7a de ciclo o <a href=\"https:\/\/www.publico.pt\/2025\/08\/07\/politica\/noticia\/chega-tera-44-deputados-candidatos-presidentes-camara-2143222\" rel=\"nofollow noopener\" target=\"_blank\">Chega que pode provocar danos<\/a>&#8230;<\/strong><br \/>O Chega tem fragilidades que se detectam a olho nu. \u00c9 um partido que vai buscar 35 deputados que h\u00e1 tr\u00eas meses tomaram posse na Assembleia da Rep\u00fablica e agora s\u00e3o candidatos \u00e0s c\u00e2maras municipais. De duas uma: ou est\u00e3o a ofender a confian\u00e7a que os cidad\u00e3os depositaram em si ou n\u00e3o acreditam na vit\u00f3ria nas aut\u00e1rquicas.<\/p>\n<p><strong>O <a href=\"https:\/\/www.publico.pt\/2024\/04\/22\/politica\/noticia\/marta-temido-lidera-lista-ps-europeias-assis-catarina-mendes-fecham-podio-2087957\" rel=\"nofollow noopener\" target=\"_blank\">PS tamb\u00e9m fez isso com as europeias<\/a> e com as legislativas\u2026<\/strong><br \/>N\u00e3o fez agora.<\/p>\n<p><strong>\u00c9 um argumento fr\u00e1gil.<\/strong><br \/>N\u00e3o, \u00e9 muito forte. Uma coisa \u00e9 termos tr\u00eas ou quatro deputados que se candidatam a fun\u00e7\u00f5es aut\u00e1rquicas quando at\u00e9 haja um percurso de rela\u00e7\u00e3o com o territ\u00f3rio. Outra coisa \u00e9 pegarmos em mais de metade dos deputados [do Chega] e candidat\u00e1-los \u00e0s c\u00e2maras. Outra fragilidade \u00e9 ter aut\u00eanticos p\u00e1ra-quedistas que caem nos territ\u00f3rios.<\/p>\n<p><strong>N\u00e3o est\u00e1 preocupado com os estragos que o Chega possa fazer ao PS?<\/strong><br \/>A minha concentra\u00e7\u00e3o fundamental \u00e9 nas propostas e nos candidatos que apresentamos aos eleitores.<\/p>\n<p><strong>Mas <a href=\"https:\/\/www.publico.pt\/2025\/09\/05\/politica\/noticia\/carneiro-exige-ideais-humanistas-candidatos-socialistas-afasta-acordos-poseleitorais-chega-2146162\" rel=\"nofollow noopener\" target=\"_blank\">proibiu acordos com o Chega<\/a>.<\/strong><br \/>A nossa posi\u00e7\u00e3o \u00e9 clara e ficar\u00e1 expressa no compromisso que ser\u00e1 subscrito na conven\u00e7\u00e3o aut\u00e1rquica: candidatos nossos que estabele\u00e7am acordos com eleitos do Chega perder\u00e3o a confian\u00e7a pol\u00edtica do PS.<\/p>\n<p><strong>E se esse acordo for imprescind\u00edvel para manter a governabilidade numa autarquia?<\/strong><br \/>A c\u00e2mara continuar\u00e1 a ser governada; n\u00e3o \u00e9 governada \u00e9 com autarcas que tenham a confian\u00e7a do PS. Esses autarcas deixam de representar o PS, mas isso n\u00e3o obriga a que renunciem \u00e0s fun\u00e7\u00f5es.<\/p>\n<p><strong>Portanto, est\u00e1 disposto a <a href=\"https:\/\/www.publico.pt\/2025\/09\/05\/politica\/noticia\/carneiro-exige-ideais-humanistas-candidatos-socialistas-afasta-acordos-poseleitorais-chega-2146162\" rel=\"nofollow noopener\" target=\"_blank\">perder lideran\u00e7as aut\u00e1rquicas<\/a> para manter esse compromisso?<\/strong><br \/>\u00c9 um princ\u00edpio para salvaguardar e para ser assegurado enquanto eu tiver responsabilidades pol\u00edticas no PS.<\/p>\n<p><strong>Se perder as aut\u00e1rquicas, fica um secret\u00e1rio-geral fragilizado.<\/strong><br \/>Fragilizado como se estou convencido que o PS vai ganhar as elei\u00e7\u00f5es?<\/p>\n<p><strong>Na noite eleitoral saberemos qual \u00e9 a estrat\u00e9gia do PS para as <a href=\"https:\/\/www.publico.pt\/presidenciais\" rel=\"nofollow noopener\" target=\"_blank\">presidenciais<\/a>?<\/strong><br \/>Na noite das elei\u00e7\u00f5es, n\u00e3o. Saber\u00e3o depois com a convocat\u00f3ria da Comiss\u00e3o Nacional que compete ao presidente do partido.<\/p>\n<p><strong>O mais certo \u00e9 o PS ter de vir a <a href=\"https:\/\/www.publico.pt\/antonio-jose-seguro\" rel=\"nofollow noopener\" target=\"_blank\">apoiar Ant\u00f3nio Jos\u00e9 Seguro<\/a>?<\/strong><br \/>Eu n\u00e3o colocaria os termos verbais em \u201cter de\u201d. Ant\u00f3nio Jos\u00e9 Seguro tem vindo a capitalizar apoios locais, distritais, regionais e nacionais do PS. Isso \u00e9 resultado do seu m\u00e9rito, qualidades pessoais, experi\u00eancia pol\u00edtica.<\/p>\n<p><strong>Corrigindo: \u00e9 cada vez mais inevit\u00e1vel que o PS apoie Seguro?<\/strong><br \/>Se me pronunciasse sobre a inevitabilidade de uma pron\u00fancia que compete \u00e0 Comiss\u00e3o Nacional estava a substituir-me \u00e0 Comiss\u00e3o Nacional. Mas torna-se cada vez mais natural a sua candidatura no espa\u00e7o do centro-esquerda. H\u00e1 outro elemento que deve ser sublinhado: ele foi um secret\u00e1rio-geral do PS e, portanto, esse facto tamb\u00e9m contar\u00e1.<\/p>\n<p><strong>Haver\u00e1 sempre apoio do PS a uma candidatura?<\/strong><br \/>O mais natural \u00e9 que assim seja, mas vamos aguardar pela express\u00e3o dessa vontade. Tenho o dever de ser o fiel da balan\u00e7a e de conseguir corresponder \u00e0 interpreta\u00e7\u00e3o da vontade colectiva do PS, manter a unidade estrat\u00e9gica e aparecer forte e mobilizado nas elei\u00e7\u00f5es aut\u00e1rquicas.<\/p>\n<p><strong>Sobre a organiza\u00e7\u00e3o interna do PS: h\u00e1 d\u00favidas sobre se est\u00e1 a completar um mandato ou num novo. \u00c9 preciso voltar \u00e0s urnas para eleger o secret\u00e1rio-geral antes do congresso de 2026?<\/strong><br \/>N\u00e3o me tenho concentrado um minuto sobre essa mat\u00e9ria, mas se essa for a conclus\u00e3o dos \u00f3rg\u00e3os estatut\u00e1rios do partido, com certeza que <a href=\"https:\/\/www.publico.pt\/2025\/05\/24\/politica\/noticia\/jose-luis-carneiro-vai-lider-ps-queimar-2134189\" rel=\"nofollow noopener\" target=\"_blank\">c\u00e1 estarei para me submeter \u00e0s elei\u00e7\u00f5es<\/a>.<\/p>\n<p><strong>Se for de novo a elei\u00e7\u00f5es poder\u00e1 ter concorr\u00eancia\u2026<\/strong><br \/>S\u00e3o assuntos que deixarei para 2026. J\u00e1 tenho aqui assuntos suficientemente importantes para aquilo que \u00e9 o servi\u00e7o ao pa\u00eds.<\/p>\n","protected":false},"excerpt":{"rendered":"Com os olhos numa vit\u00f3ria nas elei\u00e7\u00f5es de 12 de Outubro, candidatos do PS v\u00e3o assinar compromisso em&hellip;\n","protected":false},"author":2,"featured_media":67063,"comment_status":"","ping_status":"","sticky":false,"template":"","format":"standard","meta":{"footnotes":""},"categories":[10],"tags":[27,28,17593,15,16,14,18312,2433,25,26,21,22,12,13,19,20,52,32,1076,23,24,455,33,17,18,29,30,31],"class_list":{"0":"post-67062","1":"post","2":"type-post","3":"status-publish","4":"format-standard","5":"has-post-thumbnail","7":"category-portugal","8":"tag-breaking-news","9":"tag-breakingnews","10":"tag-eleicoes-autarquicas","11":"tag-featured-news","12":"tag-featurednews","13":"tag-headlines","14":"tag-hora-da-verdade","15":"tag-jose-luis-carneiro","16":"tag-latest-news","17":"tag-latestnews","18":"tag-main-news","19":"tag-mainnews","20":"tag-news","21":"tag-noticias","22":"tag-noticias-principais","23":"tag-noticiasprincipais","24":"tag-politica","25":"tag-portugal","26":"tag-presidenciais-2026","27":"tag-principais-noticias","28":"tag-principaisnoticias","29":"tag-ps","30":"tag-pt","31":"tag-top-stories","32":"tag-topstories","33":"tag-ultimas","34":"tag-ultimas-noticias","35":"tag-ultimasnoticias"},"share_on_mastodon":{"url":"","error":""},"_links":{"self":[{"href":"https:\/\/www.europesays.com\/pt\/wp-json\/wp\/v2\/posts\/67062","targetHints":{"allow":["GET"]}}],"collection":[{"href":"https:\/\/www.europesays.com\/pt\/wp-json\/wp\/v2\/posts"}],"about":[{"href":"https:\/\/www.europesays.com\/pt\/wp-json\/wp\/v2\/types\/post"}],"author":[{"embeddable":true,"href":"https:\/\/www.europesays.com\/pt\/wp-json\/wp\/v2\/users\/2"}],"replies":[{"embeddable":true,"href":"https:\/\/www.europesays.com\/pt\/wp-json\/wp\/v2\/comments?post=67062"}],"version-history":[{"count":0,"href":"https:\/\/www.europesays.com\/pt\/wp-json\/wp\/v2\/posts\/67062\/revisions"}],"wp:featuredmedia":[{"embeddable":true,"href":"https:\/\/www.europesays.com\/pt\/wp-json\/wp\/v2\/media\/67063"}],"wp:attachment":[{"href":"https:\/\/www.europesays.com\/pt\/wp-json\/wp\/v2\/media?parent=67062"}],"wp:term":[{"taxonomy":"category","embeddable":true,"href":"https:\/\/www.europesays.com\/pt\/wp-json\/wp\/v2\/categories?post=67062"},{"taxonomy":"post_tag","embeddable":true,"href":"https:\/\/www.europesays.com\/pt\/wp-json\/wp\/v2\/tags?post=67062"}],"curies":[{"name":"wp","href":"https:\/\/api.w.org\/{rel}","templated":true}]}}