{"id":67080,"date":"2025-09-11T13:05:04","date_gmt":"2025-09-11T13:05:04","guid":{"rendered":"https:\/\/www.europesays.com\/pt\/67080\/"},"modified":"2025-09-11T13:05:04","modified_gmt":"2025-09-11T13:05:04","slug":"constituida-equipa-de-missao-para-concecao-de-novo-sistema-tecnologico-do-futuro-elevador-da-gloria","status":"publish","type":"post","link":"https:\/\/www.europesays.com\/pt\/67080\/","title":{"rendered":"Constitu\u00edda equipa de miss\u00e3o para conce\u00e7\u00e3o de novo sistema tecnol\u00f3gico do futuro Elevador da Gl\u00f3ria"},"content":{"rendered":"<p>&#13;<br \/>\n(em atualiza\u00e7\u00e3o)&#13;\n<\/p>\n<p>&#13;<br \/>\n&#8220;Agrade\u00e7o a disponibilidade e o empenho de todos estes profissionais de refer\u00eancia que se prontificaram, desde a primeira hora, para tudo o que fosse necess\u00e1rio relacionado com este acidente\u201d, salienta Carlos Moedas, presidente da C\u00e2mara Municipal de Lisboa.\u00a0\u00a0\u00a0&#13;\n<\/p>\n<p>&#13;<br \/>\nA autarquia anunciou qual a equipa escolhida.&#13;\n<\/p>\n<p>Em representa\u00e7\u00e3o do Laborat\u00f3rio Nacional de Engenharia Civil (LNEC) passam a fazer parte deste Grupo de Miss\u00e3o o engenheiro civil Lu\u00eds Oliveira, Diretor do Departamento de Estruturas, e o engenheiro mec\u00e2nico Jo\u00e3o Viegas, Diretor do Centro de Instrumenta\u00e7\u00e3o Cient\u00edfica e Tecnologias de Informa\u00e7\u00e3o.<\/p>\n<p>A Ordem dos Engenheiros estar\u00e1 representada pelo seu Presidente do Col\u00e9gio de Engenharia e Qualidade, Ricardo da Cunha Reis, e por Manuel Tender, Coordenador do grupo de Seguran\u00e7a no Trabalho. <\/p>\n<p>Em representa\u00e7\u00e3o do Instituto Superior T\u00e9cnico estar\u00e1 Jorge Ambr\u00f3sio, Professor catedr\u00e1tico especialista em Mec\u00e2nica estrutural e computacional.&#13;\n<\/p>\n<p>&#13;<br \/>\nDurante a pr\u00f3xima semana est\u00e1 prevista a realiza\u00e7\u00e3o da primeira reuni\u00e3o entre todos os elementos deste Grupo e o presidente da C\u00e2mara Municipal de Lisboa.<br \/>&#13;<\/p>\n","protected":false},"excerpt":{"rendered":"&#13; (em atualiza\u00e7\u00e3o)&#13; &#13; &#8220;Agrade\u00e7o a disponibilidade e o empenho de todos estes profissionais de refer\u00eancia que se&hellip;\n","protected":false},"author":2,"featured_media":67081,"comment_status":"","ping_status":"","sticky":false,"template":"","format":"standard","meta":{"footnotes":""},"categories":[10],"tags":[27,28,15,16,14,25,26,21,22,12,13,19,20,32,23,24,33,420,421,17,18,29,30,31],"class_list":{"0":"post-67080","1":"post","2":"type-post","3":"status-publish","4":"format-standard","5":"has-post-thumbnail","7":"category-portugal","8":"tag-breaking-news","9":"tag-breakingnews","10":"tag-featured-news","11":"tag-featurednews","12":"tag-headlines","13":"tag-latest-news","14":"tag-latestnews","15":"tag-main-news","16":"tag-mainnews","17":"tag-news","18":"tag-noticias","19":"tag-noticias-principais","20":"tag-noticiasprincipais","21":"tag-portugal","22":"tag-principais-noticias","23":"tag-principaisnoticias","24":"tag-pt","25":"tag-rtp","26":"tag-rtp-noticias","27":"tag-top-stories","28":"tag-topstories","29":"tag-ultimas","30":"tag-ultimas-noticias","31":"tag-ultimasnoticias"},"share_on_mastodon":{"url":"","error":""},"_links":{"self":[{"href":"https:\/\/www.europesays.com\/pt\/wp-json\/wp\/v2\/posts\/67080","targetHints":{"allow":["GET"]}}],"collection":[{"href":"https:\/\/www.europesays.com\/pt\/wp-json\/wp\/v2\/posts"}],"about":[{"href":"https:\/\/www.europesays.com\/pt\/wp-json\/wp\/v2\/types\/post"}],"author":[{"embeddable":true,"href":"https:\/\/www.europesays.com\/pt\/wp-json\/wp\/v2\/users\/2"}],"replies":[{"embeddable":true,"href":"https:\/\/www.europesays.com\/pt\/wp-json\/wp\/v2\/comments?post=67080"}],"version-history":[{"count":0,"href":"https:\/\/www.europesays.com\/pt\/wp-json\/wp\/v2\/posts\/67080\/revisions"}],"wp:featuredmedia":[{"embeddable":true,"href":"https:\/\/www.europesays.com\/pt\/wp-json\/wp\/v2\/media\/67081"}],"wp:attachment":[{"href":"https:\/\/www.europesays.com\/pt\/wp-json\/wp\/v2\/media?parent=67080"}],"wp:term":[{"taxonomy":"category","embeddable":true,"href":"https:\/\/www.europesays.com\/pt\/wp-json\/wp\/v2\/categories?post=67080"},{"taxonomy":"post_tag","embeddable":true,"href":"https:\/\/www.europesays.com\/pt\/wp-json\/wp\/v2\/tags?post=67080"}],"curies":[{"name":"wp","href":"https:\/\/api.w.org\/{rel}","templated":true}]}}