{"id":67171,"date":"2025-09-11T14:30:07","date_gmt":"2025-09-11T14:30:07","guid":{"rendered":"https:\/\/www.europesays.com\/pt\/67171\/"},"modified":"2025-09-11T14:30:07","modified_gmt":"2025-09-11T14:30:07","slug":"uma-crianca-agredida-e-descalca-percorreu-12-km-a-pe-estamos-todos-bem-com-isto-cronica","status":"publish","type":"post","link":"https:\/\/www.europesays.com\/pt\/67171\/","title":{"rendered":"Uma crian\u00e7a, agredida e descal\u00e7a, percorreu 12 km a p\u00e9. Estamos todos bem com isto? | Cr\u00f3nica"},"content":{"rendered":"<p>O t\u00edtulo desta cr\u00f3nica \u00e9 demasiado longo. Um t\u00edtulo curto \u00e9 mais f\u00e1cil de ler e de reter o leitor \u2014 a maior parte das pessoas \u00abpassa os olhos\u00bb pelas \u00abgordas\u00bb.<\/p>\n<p>Decidi, por\u00e9m, contrariar a regra: este t\u00edtulo diz o essencial \u2014 diz tudo, ali\u00e1s \u2014 e devia prender a aten\u00e7\u00e3o de todos.<\/p>\n<p>Desenvolvo: Um rapaz de 12 anos foi encontrado sozinho e descal\u00e7o depois de caminhar cerca de 12 km (perto de tr\u00eas horas e meia) desde Nariz at\u00e9 Aradas, perto de Aveiro. Tinha hematomas no pesco\u00e7o e no rosto e contou ao homem que o encontrou que fora castigado por n\u00e3o ter cumprido tarefas dom\u00e9sticas. O homem levou-o \u00e0 esquadra, onde se confirmou que tinha sido alvo de<a href=\"https:\/\/www.publico.pt\/2022\/05\/31\/impar\/noticia\/espaco-familia-ultimo-reduto-onde-tolerado-bater-crianca-2008238\" rel=\"nofollow noopener\" target=\"_blank\"> castigos corporais<\/a>. Depois, foi encaminhado para as urg\u00eancias de pediatria do hospital e ficou internado por precau\u00e7\u00e3o. A m\u00e3e e o padrasto, com quem vivem outras duas crian\u00e7as, foram identificados pela pol\u00edcia e contactados pela Comiss\u00e3o de Prote\u00e7\u00e3o de Crian\u00e7as e Jovens (CPCJ).<\/p>\n<p>Segundo essa comiss\u00e3o, em 2024, mais de 13.300 crian\u00e7as e jovens (13.373) precisaram de uma medida de promo\u00e7\u00e3o e prote\u00e7\u00e3o por estarem em perigo. A maioria dos casos deveu-se \u00e0 neglig\u00eancia e \u00e0 viol\u00eancia dom\u00e9stica, sobretudo entre jovens de 15 a 17 anos.<\/p>\n<p>O abuso e a viol\u00eancia contra crian\u00e7as s\u00e3o a manifesta\u00e7\u00e3o mais abjeta da crueldade humana.<\/p>\n<p>Um tema \u00e9 desconfort\u00e1vel, n\u00e3o garante &#8220;likes&#8221;, nem &#8220;viraliza&#8221;.<\/p>\n<p>Mas proponho um exerc\u00edcio simples: pare um momento para imaginar uma crian\u00e7a \u2014 um filho, uma irm\u00e3, um sobrinho, uma neta, um amigo \u2014 a caminhar 12 quil\u00f3metros na berma de uma estrada perigosa, com o rosto e o pesco\u00e7o marcados por hematomas. Consegue sentir empatia? Consegue imaginar a dor, o medo, a ang\u00fastia da crian\u00e7a?<\/p>\n<p>Enquanto aguardamos a confirma\u00e7\u00e3o definitiva do que aconteceu com o rapaz de 12 anos, deixo algumas perguntas que talvez dev\u00eassemos fazer a n\u00f3s mesmos: estamos realmente bem com isto? Sentimo-nos confort\u00e1veis perante esta realidade? Ser\u00e1 que podemos continuar a virar a cara ou a fingir que n\u00e3o \u00e9 connosco? Quando \u00e9 que os agressores v\u00e3o come\u00e7ar a temer as consequ\u00eancias dos seus atos?<\/p>\n<p>Uma crian\u00e7a que caminha sozinha pela rua com hematomas precisa de n\u00f3s para existir numa sociedade que perde demasiado tempo com pol\u00edtica e menos com a prote\u00e7\u00e3o, cuidado e empatia pelos mais vulner\u00e1veis.<\/p>\n<p>O autor escreve segundo o Acordo Ortogr\u00e1fico de 1990.<\/p>\n","protected":false},"excerpt":{"rendered":"O t\u00edtulo desta cr\u00f3nica \u00e9 demasiado longo. Um t\u00edtulo curto \u00e9 mais f\u00e1cil de ler e de reter&hellip;\n","protected":false},"author":2,"featured_media":67172,"comment_status":"","ping_status":"","sticky":false,"template":"","format":"standard","meta":{"footnotes":""},"categories":[10],"tags":[27,28,838,1404,15,16,14,708,25,26,18324,21,22,12,13,19,20,542,712,32,23,24,33,1338,17,18,29,30,31,3218],"class_list":{"0":"post-67171","1":"post","2":"type-post","3":"status-publish","4":"format-standard","5":"has-post-thumbnail","7":"category-portugal","8":"tag-breaking-news","9":"tag-breakingnews","10":"tag-criancas","11":"tag-cronica","12":"tag-featured-news","13":"tag-featurednews","14":"tag-headlines","15":"tag-impar","16":"tag-latest-news","17":"tag-latestnews","18":"tag-livro-de-cabeceira","19":"tag-main-news","20":"tag-mainnews","21":"tag-news","22":"tag-noticias","23":"tag-noticias-principais","24":"tag-noticiasprincipais","25":"tag-para-redes","26":"tag-pessoas","27":"tag-portugal","28":"tag-principais-noticias","29":"tag-principaisnoticias","30":"tag-pt","31":"tag-questoes-sociais","32":"tag-top-stories","33":"tag-topstories","34":"tag-ultimas","35":"tag-ultimas-noticias","36":"tag-ultimasnoticias","37":"tag-violencia-domestica"},"share_on_mastodon":{"url":"","error":""},"_links":{"self":[{"href":"https:\/\/www.europesays.com\/pt\/wp-json\/wp\/v2\/posts\/67171","targetHints":{"allow":["GET"]}}],"collection":[{"href":"https:\/\/www.europesays.com\/pt\/wp-json\/wp\/v2\/posts"}],"about":[{"href":"https:\/\/www.europesays.com\/pt\/wp-json\/wp\/v2\/types\/post"}],"author":[{"embeddable":true,"href":"https:\/\/www.europesays.com\/pt\/wp-json\/wp\/v2\/users\/2"}],"replies":[{"embeddable":true,"href":"https:\/\/www.europesays.com\/pt\/wp-json\/wp\/v2\/comments?post=67171"}],"version-history":[{"count":0,"href":"https:\/\/www.europesays.com\/pt\/wp-json\/wp\/v2\/posts\/67171\/revisions"}],"wp:featuredmedia":[{"embeddable":true,"href":"https:\/\/www.europesays.com\/pt\/wp-json\/wp\/v2\/media\/67172"}],"wp:attachment":[{"href":"https:\/\/www.europesays.com\/pt\/wp-json\/wp\/v2\/media?parent=67171"}],"wp:term":[{"taxonomy":"category","embeddable":true,"href":"https:\/\/www.europesays.com\/pt\/wp-json\/wp\/v2\/categories?post=67171"},{"taxonomy":"post_tag","embeddable":true,"href":"https:\/\/www.europesays.com\/pt\/wp-json\/wp\/v2\/tags?post=67171"}],"curies":[{"name":"wp","href":"https:\/\/api.w.org\/{rel}","templated":true}]}}