{"id":67234,"date":"2025-09-11T15:23:21","date_gmt":"2025-09-11T15:23:21","guid":{"rendered":"https:\/\/www.europesays.com\/pt\/67234\/"},"modified":"2025-09-11T15:23:21","modified_gmt":"2025-09-11T15:23:21","slug":"4-filmes-subestimados-no-prime-video-para-ver","status":"publish","type":"post","link":"https:\/\/www.europesays.com\/pt\/67234\/","title":{"rendered":"4 filmes subestimados no Prime Video para ver"},"content":{"rendered":"<p><img width=\"610\" height=\"350\" src=\"https:\/\/www.europesays.com\/pt\/wp-content\/uploads\/2025\/09\/IMG_4338-610x350.webp.webp\" class=\"attachment-post-thumbnail size-post-thumbnail wp-post-image\" alt=\"4 filmes subestimados no Prime Video que voc\u00ea deveria conhecer\" title=\"4 filmes subestimados no Prime Video que voc\u00ea deveria conhecer\" data-no-lazy=\"1\" decoding=\"async\" fetchpriority=\"high\"\/><br \/>\n<strong>Marni Grossman \/ Amazon Studios<\/strong><\/p>\n<p>\u00c9 tanto filme que chega todo dia aos streamings, que nem sempre d\u00e1 tempo de conhecer tudo e saber o que realmente vale a pena. O cinema precisa entregar entretenimento ou narrativa de alto impacto. \u00c0s vezes, as duas coisas juntas. Ter o poder de desconstruir certezas e lan\u00e7ar luz sobre dilemas humanos que raramente encontram espa\u00e7os em produ\u00e7\u00f5es comerciais \u00e9 uma raridade. No meio de tudo isso, entre as produ\u00e7\u00f5es intelectuais e os sucessos comerciais, h\u00e1 um limbo. O limbo das obras que s\u00e3o muito legais, falam de temas que tocam e, tamb\u00e9m divertem, mas que n\u00e3o s\u00e3o exatamente obras-primas. Nesse terreno ficam algumas produ\u00e7\u00f5es subestimadas, que muita gente nem se d\u00e1 ao trabalho de assistir.<\/p>\n<p>A Revista Bula resolveu reunir algumas produ\u00e7\u00f5es dispon\u00edveis no <a href=\"https:\/\/www.revistabula.com\/112245-3-romances-que-passaram-despercebidos-no-prime-video\/\" target=\"_blank\" rel=\"noreferrer noopener nofollow\">Prime Video<\/a> que transitam por esse territ\u00f3rio. Elas perpassam o drama existencial, o suspense psicol\u00f3gico e a a\u00e7\u00e3o psicod\u00e9lica. Nuances das condi\u00e7\u00f5es humanas, luto, busca da identidade e at\u00e9 da sobreviv\u00eancia. O g\u00eanero aqui n\u00e3o bate. Cada uma \u00e9 de um diferente. Mas a coragem de desafiar as expectativas e encarar o desconforto \u00e9 o que os torna t\u00e3o parecidos. Esses filmes te fazem olhar para al\u00e9m do \u00f3bvio e encontrar novos sentidos. Vamos explorar?<\/p>\n<p><strong>Fight or Flight (2024), James Madigan<\/strong><\/p>\n<p><img loading=\"lazy\" decoding=\"async\" width=\"610\" height=\"407\" class=\"alignnone size-full\" src=\"https:\/\/www.europesays.com\/pt\/wp-content\/uploads\/2025\/09\/IMG_3243-610x407.webp.webp\" alt=\"\"\/><strong class=\"attribution\">Divulga\u00e7\u00e3o \/ F or F Films<\/strong><\/p>\n<p class=\"callout-body\">Um mercen\u00e1rio acostumado a viver nas sombras aceita uma miss\u00e3o aparentemente simples: eliminar um alvo durante um voo internacional. Contudo, ao embarcar, descobre que n\u00e3o \u00e9 o \u00fanico interessado no passageiro, e rapidamente a situa\u00e7\u00e3o se transforma em uma emboscada mortal a milhares de metros de altitude. Cercado por inimigos infiltrados, ele se v\u00ea for\u00e7ado a reconsiderar sua lealdade: em vez de ca\u00e7ador, torna-se protetor daquele que deveria matar. Entre corredores estreitos, cabines claustrof\u00f3bicas e a amea\u00e7a constante de morte iminente, cada escolha se torna um risco calculado. O que come\u00e7a como um trabalho frio se converte em uma luta pela sobreviv\u00eancia, onde a confian\u00e7a \u00e9 escassa e a linha entre inimigo e aliado se desfaz a cada instante.<\/p>\n<p>Meu Eu do Futuro (2024), Megan Park<\/p>\n<p><img loading=\"lazy\" decoding=\"async\" width=\"610\" height=\"407\" class=\"alignnone size-full\" src=\"https:\/\/www.europesays.com\/pt\/wp-content\/uploads\/2025\/09\/MeuEudoFuturo-610x407.webp.webp\" alt=\"\"\/><strong class=\"attribution\">Divulga\u00e7\u00e3o \/ Amazon Prime Video<\/strong><\/p>\n<p class=\"callout-body\">Elliott, uma jovem livre e sem grandes planos para o futuro, decide experimentar cogumelos alucin\u00f3genos em uma viagem aparentemente inofensiva. O que come\u00e7a como uma experi\u00eancia psicod\u00e9lica ganha contornos inesperados quando ela se encontra frente a frente com sua vers\u00e3o de 39 anos, que surge trazendo advert\u00eancias diretas sobre escolhas e consequ\u00eancias que ainda est\u00e3o por vir. Entre o choque e a descren\u00e7a, Elliott precisa encarar a possibilidade de que sua vida, sua fam\u00edlia e suas rela\u00e7\u00f5es amorosas podem seguir caminhos bem diferentes do que ela imagina. A conviv\u00eancia com esse \u201ceu mais velho\u201d a obriga a repensar sua ideia de liberdade, amadurecimento e responsabilidade, revelando que o futuro n\u00e3o \u00e9 apenas uma linha inevit\u00e1vel, mas algo que pode ser moldado pelas decis\u00f5es tomadas no presente.<\/p>\n<p><strong>O Reformat\u00f3rio Nickel (2024), RaMell Ross<\/strong><\/p>\n<p><img loading=\"lazy\" decoding=\"async\" width=\"610\" height=\"407\" class=\"alignnone size-full\" src=\"https:\/\/www.europesays.com\/pt\/wp-content\/uploads\/2025\/09\/O-Reformatorio-Nickel-1-610x407.webp.webp\" alt=\"\"\/><strong class=\"attribution\">Divulga\u00e7\u00e3o \/ Amazon Prime Video<\/strong><\/p>\n<p class=\"callout-body\">Inspirado em fatos hist\u00f3ricos, o filme acompanha um jovem negro enviado a uma institui\u00e7\u00e3o de menores ap\u00f3s uma acusa\u00e7\u00e3o injusta. No reformat\u00f3rio, ele se depara com um ambiente de viol\u00eancia sistem\u00e1tica, abusos e degrada\u00e7\u00e3o, onde a esperan\u00e7a de recome\u00e7o \u00e9 constantemente esmagada. Em meio \u00e0 brutalidade, surgem la\u00e7os de amizade e resist\u00eancia, mas tamb\u00e9m a consci\u00eancia de que sobreviver significa enfrentar n\u00e3o apenas os guardas, mas um sistema social inteiro marcado pelo racismo. A obra \u00e9 uma den\u00fancia das cicatrizes deixadas pela injusti\u00e7a, ao mesmo tempo em que exp\u00f5e a luta pela dignidade em condi\u00e7\u00f5es desumanas.<\/p>\n<p><strong>\u00a0My Son (2021), Christian Carion<\/strong><\/p>\n<p><img loading=\"lazy\" decoding=\"async\" width=\"610\" height=\"407\" class=\"alignnone size-full\" src=\"https:\/\/www.europesays.com\/pt\/wp-content\/uploads\/2025\/09\/Meu-Filho-610x407.webp.webp\" alt=\"\"\/><strong class=\"attribution\">Divulga\u00e7\u00e3o \/ Sixteen Films<\/strong><\/p>\n<p class=\"callout-body\">Um pai divorciado recebe a not\u00edcia de que seu filho desapareceu durante uma viagem escolar e, sem respostas concretas, inicia uma busca desesperada. Ao investigar por conta pr\u00f3pria, ele descobre contradi\u00e7\u00f5es, pistas ocultas e segredos que envolvem n\u00e3o apenas a crian\u00e7a, mas tamb\u00e9m pessoas pr\u00f3ximas. Sua jornada se transforma em um mergulho no desespero, expondo a fragilidade dos la\u00e7os familiares e os limites da raz\u00e3o diante da perda. A tens\u00e3o crescente mostra como a dor pode transformar amor em obsess\u00e3o, levando o protagonista a se perder em sua pr\u00f3pria ang\u00fastia enquanto tenta salvar o que resta de sua vida.<\/p>\n<p><img loading=\"lazy\" decoding=\"async\" src=\"https:\/\/www.europesays.com\/pt\/wp-content\/uploads\/2025\/08\/1756505712_778_fer-kalaoun-1.jpg\" width=\"300\" height=\"300\" alt=\"Fer Kalaoun\" class=\"avatar avatar-300 wp-user-avatar wp-user-avatar-300 alignnone photo\"\/><br \/>\nFer Kalaoun<\/p>\n<p>Fer Kalaoun \u00e9 editora na Revista Bula e rep\u00f3rter especializada em jornalismo cultural, audiovisual e pol\u00edtico desde 2014. Estudante de Hist\u00f3ria no Instituto Federal de Goi\u00e1s (IFG), traz uma perspectiva cr\u00edtica e contextualizada aos seus textos. J\u00e1 passou por grandes ve\u00edculos de comunica\u00e7\u00e3o de Goi\u00e1s, incluindo R\u00e1dio CBN, Jornal O Popular, Jornal Op\u00e7\u00e3o e R\u00e1dio Sagres, onde apresentou o quadro Cinemateca\u00a0Sagres.<\/p>\n","protected":false},"excerpt":{"rendered":"Marni Grossman \/ Amazon Studios \u00c9 tanto filme que chega todo dia aos streamings, que nem sempre d\u00e1&hellip;\n","protected":false},"author":2,"featured_media":67235,"comment_status":"","ping_status":"","sticky":false,"template":"","format":"standard","meta":{"footnotes":""},"categories":[140],"tags":[937,114,115,147,148,146,32,33],"class_list":{"0":"post-67234","1":"post","2":"type-post","3":"status-publish","4":"format-standard","5":"has-post-thumbnail","7":"category-filmes","8":"tag-amazon-prime-video","9":"tag-entertainment","10":"tag-entretenimento","11":"tag-film","12":"tag-filmes","13":"tag-movies","14":"tag-portugal","15":"tag-pt"},"share_on_mastodon":{"url":"","error":""},"_links":{"self":[{"href":"https:\/\/www.europesays.com\/pt\/wp-json\/wp\/v2\/posts\/67234","targetHints":{"allow":["GET"]}}],"collection":[{"href":"https:\/\/www.europesays.com\/pt\/wp-json\/wp\/v2\/posts"}],"about":[{"href":"https:\/\/www.europesays.com\/pt\/wp-json\/wp\/v2\/types\/post"}],"author":[{"embeddable":true,"href":"https:\/\/www.europesays.com\/pt\/wp-json\/wp\/v2\/users\/2"}],"replies":[{"embeddable":true,"href":"https:\/\/www.europesays.com\/pt\/wp-json\/wp\/v2\/comments?post=67234"}],"version-history":[{"count":0,"href":"https:\/\/www.europesays.com\/pt\/wp-json\/wp\/v2\/posts\/67234\/revisions"}],"wp:featuredmedia":[{"embeddable":true,"href":"https:\/\/www.europesays.com\/pt\/wp-json\/wp\/v2\/media\/67235"}],"wp:attachment":[{"href":"https:\/\/www.europesays.com\/pt\/wp-json\/wp\/v2\/media?parent=67234"}],"wp:term":[{"taxonomy":"category","embeddable":true,"href":"https:\/\/www.europesays.com\/pt\/wp-json\/wp\/v2\/categories?post=67234"},{"taxonomy":"post_tag","embeddable":true,"href":"https:\/\/www.europesays.com\/pt\/wp-json\/wp\/v2\/tags?post=67234"}],"curies":[{"name":"wp","href":"https:\/\/api.w.org\/{rel}","templated":true}]}}