{"id":67240,"date":"2025-09-11T15:26:16","date_gmt":"2025-09-11T15:26:16","guid":{"rendered":"https:\/\/www.europesays.com\/pt\/67240\/"},"modified":"2025-09-11T15:26:16","modified_gmt":"2025-09-11T15:26:16","slug":"principe-harry-reencontra-se-com-o-pai-pela-primeira-vez-em-quase-dois-anos","status":"publish","type":"post","link":"https:\/\/www.europesays.com\/pt\/67240\/","title":{"rendered":"Pr\u00edncipe Harry reencontra-se com o pai pela primeira vez em quase dois anos"},"content":{"rendered":"<p>\t                Visita ocorreu durante a viagem de Harry ao Reino Unido para compromissos de solidariedade<\/p>\n<p lang=\"EN-US\" paraeid=\"{ce03fe94-da75-4d3e-be62-fc4fcec1f904}{21}\" paraid=\"1853372570\" xml:lang=\"EN-US\">O pr\u00edncipe Harry reencontrou-se com o pai, o rei Carlos III, pela primeira vez em quase dois anos. Segundo o Pal\u00e1cio de Buckingham, pai e filho tomaram ch\u00e1 juntos esta quarta-feira na Clarence House, em Londres, resid\u00eancia oficial do monarca.\u00a0<\/p>\n<p lang=\"EN-US\" paraeid=\"{ce03fe94-da75-4d3e-be62-fc4fcec1f904}{31}\" paraid=\"1237782622\" xml:lang=\"EN-US\">Este encontro poder\u00e1 representar um primeiro passo na reaproxima\u00e7\u00e3o entre pai e filho depois de uma rutura familiar publicamente divulgada e marcada por um afastamento prolongado.\u00a0<\/p>\n<p lang=\"EN-US\" paraeid=\"{ce03fe94-da75-4d3e-be62-fc4fcec1f904}{36}\" paraid=\"47592726\" xml:lang=\"EN-US\">Harry, Duque de Sussex, n\u00e3o via o pai desde fevereiro de 2024, altura em que foi anunciado que o monarca estava a receber tratamento para um tipo de cancro n\u00e3o especificado.\u00a0<\/p>\n<p lang=\"EN-US\" paraeid=\"{ce03fe94-da75-4d3e-be62-fc4fcec1f904}{41}\" paraid=\"1482348525\" xml:lang=\"EN-US\">A visita de Harry ao Reino Unido come\u00e7ou na segunda-feira para uma s\u00e9rie de compromissos, tendo na manh\u00e3 desta quarta-feira visitado um centro de investiga\u00e7\u00e3o dedicado ao tratamento de ferimentos provocados por explos\u00f5es.\u00a0<\/p>\n<p lang=\"EN-US\" paraeid=\"{ce03fe94-da75-4d3e-be62-fc4fcec1f904}{46}\" paraid=\"1393784610\" xml:lang=\"EN-US\">Desde que se mudou para a Calif\u00f3rnia com a mulher, Meghan Markle, em 2020, Harry tem sido cr\u00edtico da fam\u00edlia real e da institui\u00e7\u00e3o, especialmente atrav\u00e9s de entrevistas, document\u00e1rios e da autobiografia \u201cNa Sombra\u201d. As suas declara\u00e7\u00f5es, sobretudo em rela\u00e7\u00e3o ao pai e ao irm\u00e3o mais velho, o pr\u00edncipe William, contribu\u00edram para um afastamento ainda maior.\u00a0<\/p>\n<p lang=\"EN-US\" paraeid=\"{ce03fe94-da75-4d3e-be62-fc4fcec1f904}{51}\" paraid=\"923401444\" xml:lang=\"EN-US\">Apesar disso, ap\u00f3s perder um processo judicial com o governo brit\u00e2nico relacionado com a sua seguran\u00e7a, Harry expressou o desejo de se reconciliar com a fam\u00edlia e sublinhou a import\u00e2ncia de deixar os conflitos para tr\u00e1s. \u201cClaro que alguns membros da minha fam\u00edlia nunca me v\u00e3o perdoar por ter escrito um livro. Claro que nunca me v\u00e3o perdoar por muitas outras coisas. Mas sabem\u2026 adorava reconciliar-me com a minha fam\u00edlia\u2026 N\u00e3o faz sentido continuar a lutar. E a vida \u00e9 preciosa\u201d, disse \u00e0 BBC.\u00a0<\/p>\n<p lang=\"EN-US\" paraeid=\"{592c9ab2-5f62-4615-bd92-85d57e303cd2}{167}\" paraid=\"811304005\" xml:lang=\"EN-US\">\u201cN\u00e3o sei quanto tempo mais o meu pai tem. Ele n\u00e3o fala comigo por causa desta quest\u00e3o da seguran\u00e7a, mas seria bom reconciliarmo-nos.\u201d\u00a0<\/p>\n<p lang=\"EN-US\" paraeid=\"{ce03fe94-da75-4d3e-be62-fc4fcec1f904}{56}\" paraid=\"1151842887\" xml:lang=\"EN-US\">O encontro desta quarta-feira n\u00e3o foi confirmado antecipadamente, mantendo-se o sil\u00eancio tanto do Pal\u00e1cio de Buckingham como dos representantes do pr\u00edncipe. No entanto, sabe-se que em julho os assessores de ambos se reuniram discretamente em Londres, o que foi visto como um poss\u00edvel sinal de reaproxima\u00e7\u00e3o.\u00a0<\/p>\n<p lang=\"EN-US\" paraeid=\"{ce03fe94-da75-4d3e-be62-fc4fcec1f904}{61}\" paraid=\"30074629\" xml:lang=\"EN-US\">O historiador Anthony Seldon considera que esta reconcilia\u00e7\u00e3o seria ben\u00e9fica n\u00e3o s\u00f3 para a monarquia, mas tamb\u00e9m a n\u00edvel pessoal para Carlos e Harry. \u201cO rei \u00e9 o rei, mas tamb\u00e9m \u00e9 um pai afetuoso\u201d, afirmou \u00e0 Reuters.\u00a0<\/p>\n<p lang=\"EN-US\" paraeid=\"{1f75ac04-55ae-450e-8982-5a3a11cecdf2}{38}\" paraid=\"445806258\" xml:lang=\"EN-US\">\u201cAcho que esta rutura causou muita ang\u00fastia a ambos. Portanto, se isso puder ser curado, pelo menos em parte, agora ou mais tarde, ent\u00e3o ser\u00e1 algo muito positivo.\u201d\u00a0<\/p>\n","protected":false},"excerpt":{"rendered":"Visita ocorreu durante a viagem de Harry ao Reino Unido para compromissos de solidariedade O pr\u00edncipe Harry reencontrou-se&hellip;\n","protected":false},"author":2,"featured_media":67241,"comment_status":"","ping_status":"","sticky":false,"template":"","format":"standard","meta":{"footnotes":""},"categories":[85],"tags":[18388,609,836,611,27,18389,607,608,333,832,604,135,610,476,114,115,301,830,603,570,831,833,62,834,13,835,602,52,32,12376,33,13919,18387,29],"class_list":{"0":"post-67240","1":"post","2":"type-post","3":"status-publish","4":"format-standard","5":"has-post-thumbnail","7":"category-entretenimento","8":"tag-20-meses","9":"tag-alerta","10":"tag-analise","11":"tag-ao-minuto","12":"tag-breaking-news","13":"tag-buckingham","14":"tag-cnn","15":"tag-cnn-portugal","16":"tag-comentadores","17":"tag-costa","18":"tag-crime","19":"tag-desporto","20":"tag-direto","21":"tag-economia","22":"tag-entertainment","23":"tag-entretenimento","24":"tag-governo","25":"tag-guerra","26":"tag-justica","27":"tag-live","28":"tag-mais-vistas","29":"tag-marcelo","30":"tag-mundo","31":"tag-negocios","32":"tag-noticias","33":"tag-opiniao","34":"tag-pais","35":"tag-politica","36":"tag-portugal","37":"tag-principe-harry","38":"tag-pt","39":"tag-reencontro","40":"tag-rei-carlos","41":"tag-ultimas"},"share_on_mastodon":{"url":"","error":""},"_links":{"self":[{"href":"https:\/\/www.europesays.com\/pt\/wp-json\/wp\/v2\/posts\/67240","targetHints":{"allow":["GET"]}}],"collection":[{"href":"https:\/\/www.europesays.com\/pt\/wp-json\/wp\/v2\/posts"}],"about":[{"href":"https:\/\/www.europesays.com\/pt\/wp-json\/wp\/v2\/types\/post"}],"author":[{"embeddable":true,"href":"https:\/\/www.europesays.com\/pt\/wp-json\/wp\/v2\/users\/2"}],"replies":[{"embeddable":true,"href":"https:\/\/www.europesays.com\/pt\/wp-json\/wp\/v2\/comments?post=67240"}],"version-history":[{"count":0,"href":"https:\/\/www.europesays.com\/pt\/wp-json\/wp\/v2\/posts\/67240\/revisions"}],"wp:featuredmedia":[{"embeddable":true,"href":"https:\/\/www.europesays.com\/pt\/wp-json\/wp\/v2\/media\/67241"}],"wp:attachment":[{"href":"https:\/\/www.europesays.com\/pt\/wp-json\/wp\/v2\/media?parent=67240"}],"wp:term":[{"taxonomy":"category","embeddable":true,"href":"https:\/\/www.europesays.com\/pt\/wp-json\/wp\/v2\/categories?post=67240"},{"taxonomy":"post_tag","embeddable":true,"href":"https:\/\/www.europesays.com\/pt\/wp-json\/wp\/v2\/tags?post=67240"}],"curies":[{"name":"wp","href":"https:\/\/api.w.org\/{rel}","templated":true}]}}