{"id":67325,"date":"2025-09-11T16:43:14","date_gmt":"2025-09-11T16:43:14","guid":{"rendered":"https:\/\/www.europesays.com\/pt\/67325\/"},"modified":"2025-09-11T16:43:14","modified_gmt":"2025-09-11T16:43:14","slug":"tudo-isso-virginia-fonseca-investe-altissimo-para-construir-academia-de-luxo-saiba-quanto","status":"publish","type":"post","link":"https:\/\/www.europesays.com\/pt\/67325\/","title":{"rendered":"Tudo isso? Virginia Fonseca investe alt\u00edssimo para construir academia de luxo; saiba quanto"},"content":{"rendered":"<p>\n                        Virginia Fonseca investe alt\u00edssimo na WP Gym, sua academia que contar\u00e1 com 650 m\u00e1quinas, dois andares e arquitetura luxuosa; veja\n                    <\/p>\n<p class=\"text\"><a href=\"https:\/\/www.terra.com.br\/tudo-sobre\/virginia-fonseca\" target=\"_self\" rel=\"nofollow noopener\">Virginia Fonseca<\/a> est\u00e1 pronta para inaugurar uma nova fase em sua vida empresarial: uma academia. A influencer est\u00e1 construindo um estabelecimento de alto padr\u00e3o em Goi\u00e2nia que contar\u00e1 com 650 m\u00e1quinas, 250 vagas de estacionamento e tecnologias de \u00faltima gera\u00e7\u00e3o. No Stories, a loira comentou que a academia est\u00e1 sendo constru\u00edda nas margens da BR-153, perto do shopping Flamboyant.<\/p>\n<p><img loading=\"lazy\" decoding=\"async\" alt=\"\" class=\"img-36746bd6a07a23f2f4cb53c55c9280ca2xsqo6zo\" height=\"435\" src=\"https:\/\/www.europesays.com\/pt\/wp-content\/uploads\/2025\/09\/513856257-tudo-isso-virginia-fonseca-investe-altissimo-para-construir-academia-de-luxo-saiba-quanto..png\"  title=\"Mais Novela\" width=\"774\"\/><\/p>\n<p>\nFoto: Mais Novela\n<\/p>\n<p>Virginia investiu alto na nova empresa<\/p>\n<p class=\"text\">Segundo a ex-esposa de <strong>Z\u00e9 Felipe<\/strong>, ela investiu mais de R$ 5 milh\u00f5es na WP Gym, sua nova academia. O local contar\u00e1 com sala de spinning, de dan\u00e7a e crossfit, al\u00e9m de dois andares, vesti\u00e1rio, espa\u00e7o para cardio, recep\u00e7\u00e3o e muito mais.<\/p>\n<p class=\"text\">O projeto \u00e9 assinado pela empresa La Arquitetura e Design, sob o comando do arquiteto Lucas Adriel. Em entrevista ao g1, o profissional prometeu que a academia ter\u00e1 uma estrutura conceitual e impar. &#8220;Aplicamos a identidade visual presente nas empresas, gerando impacto aos ocupantes&#8221;, disse o rapaz.<\/p>\n","protected":false},"excerpt":{"rendered":"Virginia Fonseca investe alt\u00edssimo na WP Gym, sua academia que contar\u00e1 com 650 m\u00e1quinas, dois andares e arquitetura&hellip;\n","protected":false},"author":2,"featured_media":67326,"comment_status":"","ping_status":"","sticky":false,"template":"","format":"standard","meta":{"footnotes":""},"categories":[145],"tags":[211,210,114,115,32,33],"class_list":{"0":"post-67325","1":"post","2":"type-post","3":"status-publish","4":"format-standard","5":"has-post-thumbnail","7":"category-celebridades","8":"tag-celebridades","9":"tag-celebrities","10":"tag-entertainment","11":"tag-entretenimento","12":"tag-portugal","13":"tag-pt"},"share_on_mastodon":{"url":"","error":""},"_links":{"self":[{"href":"https:\/\/www.europesays.com\/pt\/wp-json\/wp\/v2\/posts\/67325","targetHints":{"allow":["GET"]}}],"collection":[{"href":"https:\/\/www.europesays.com\/pt\/wp-json\/wp\/v2\/posts"}],"about":[{"href":"https:\/\/www.europesays.com\/pt\/wp-json\/wp\/v2\/types\/post"}],"author":[{"embeddable":true,"href":"https:\/\/www.europesays.com\/pt\/wp-json\/wp\/v2\/users\/2"}],"replies":[{"embeddable":true,"href":"https:\/\/www.europesays.com\/pt\/wp-json\/wp\/v2\/comments?post=67325"}],"version-history":[{"count":0,"href":"https:\/\/www.europesays.com\/pt\/wp-json\/wp\/v2\/posts\/67325\/revisions"}],"wp:featuredmedia":[{"embeddable":true,"href":"https:\/\/www.europesays.com\/pt\/wp-json\/wp\/v2\/media\/67326"}],"wp:attachment":[{"href":"https:\/\/www.europesays.com\/pt\/wp-json\/wp\/v2\/media?parent=67325"}],"wp:term":[{"taxonomy":"category","embeddable":true,"href":"https:\/\/www.europesays.com\/pt\/wp-json\/wp\/v2\/categories?post=67325"},{"taxonomy":"post_tag","embeddable":true,"href":"https:\/\/www.europesays.com\/pt\/wp-json\/wp\/v2\/tags?post=67325"}],"curies":[{"name":"wp","href":"https:\/\/api.w.org\/{rel}","templated":true}]}}