{"id":67380,"date":"2025-09-11T17:25:15","date_gmt":"2025-09-11T17:25:15","guid":{"rendered":"https:\/\/www.europesays.com\/pt\/67380\/"},"modified":"2025-09-11T17:25:15","modified_gmt":"2025-09-11T17:25:15","slug":"o-coracao-bate-um-bocadinho-mas","status":"publish","type":"post","link":"https:\/\/www.europesays.com\/pt\/67380\/","title":{"rendered":"O cora\u00e7\u00e3o bate um bocadinho, mas&#8230;"},"content":{"rendered":"<p><a href=\"https:\/\/famashow.pt\/pesquisa?q=Sofia+Arruda\" target=\"_blank\" rel=\"noreferrer noopener nofollow\"><strong>Sofia Arruda<\/strong><\/a> vive uma fase feliz, e desafiante, da maternidade. O filho mais velho da atriz, o pequeno <strong>Xavier<\/strong>, j\u00e1 foi para o primeiro ano e, \u00e0 margem da apresenta\u00e7\u00e3o das novas propostas de programa\u00e7\u00e3o da SIC, contou ao site do Fama Show como foi o primeiro dia de escola do menino.<\/p>\n<p>&#8220;O Xavier j\u00e1 foi para o primeiro ano.<strong> Estava cheio de vontade de ver os amigos, nem olhou para tr\u00e1s.<\/strong> Veio \u00e0 porta da escola e meteu-me a andar. Ele \u00e9 muito de casa, de colo, portanto \u00e9 \u00f3timo sentir que a escola tamb\u00e9m \u00e9 uma extens\u00e3o de casa e sente-se super seguro&#8221;, come\u00e7ou por contar.<\/p>\n<p>A tamb\u00e9m apresentadora explicou que o menino construiu boas rela\u00e7\u00f5es naquela escola. &#8220;Estava cheio de saudades dos professores. Ele est\u00e1 na mesma escola, mas numa sala diferente.<strong> Nos intervalos, vai visitar a professora antiga&#8221;<\/strong>, referiu.<\/p>\n<p>&#8220;Eles t\u00eam essa liberdade e a mim tranquiliza-me estar a criar um futuro adulto para o mundo, que seja confiante e que sabe que tem um colo \u00e0 espera dele. <strong>Confesso que o cora\u00e7\u00e3o bate um bocadinho, mas ainda tenho a pequenina em casa. J\u00e1 n\u00e3o \u00e9 mau&#8221;<\/strong>, completou.<\/p>\n<p>Recorde-se que al\u00e9m de Xavier, Sofia Arruda e <a href=\"https:\/\/famashow.pt\/pesquisa?q=David+Amaro\" target=\"_blank\" rel=\"noreferrer noopener nofollow\"><strong>David Amaro<\/strong><\/a> s\u00e3o ainda pais da pequena <strong>Ol\u00edvia<\/strong>, de um ano.<\/p>\n<p>\t\t<img decoding=\"async\" src=\"https:\/\/www.europesays.com\/pt\/wp-content\/uploads\/2025\/09\/1757611515_675_\"  alt=\"Sofia Arruda com o marido e os filhos\" loading=\"true\"\/><\/p>\n<p>                        Reprodu\u00e7\u00e3o Instagram, DR<\/p>\n","protected":false},"excerpt":{"rendered":"Sofia Arruda vive uma fase feliz, e desafiante, da maternidade. O filho mais velho da atriz, o pequeno&hellip;\n","protected":false},"author":2,"featured_media":67381,"comment_status":"","ping_status":"","sticky":false,"template":"","format":"standard","meta":{"footnotes":""},"categories":[145],"tags":[211,210,114,115,32,33],"class_list":{"0":"post-67380","1":"post","2":"type-post","3":"status-publish","4":"format-standard","5":"has-post-thumbnail","7":"category-celebridades","8":"tag-celebridades","9":"tag-celebrities","10":"tag-entertainment","11":"tag-entretenimento","12":"tag-portugal","13":"tag-pt"},"share_on_mastodon":{"url":"","error":""},"_links":{"self":[{"href":"https:\/\/www.europesays.com\/pt\/wp-json\/wp\/v2\/posts\/67380","targetHints":{"allow":["GET"]}}],"collection":[{"href":"https:\/\/www.europesays.com\/pt\/wp-json\/wp\/v2\/posts"}],"about":[{"href":"https:\/\/www.europesays.com\/pt\/wp-json\/wp\/v2\/types\/post"}],"author":[{"embeddable":true,"href":"https:\/\/www.europesays.com\/pt\/wp-json\/wp\/v2\/users\/2"}],"replies":[{"embeddable":true,"href":"https:\/\/www.europesays.com\/pt\/wp-json\/wp\/v2\/comments?post=67380"}],"version-history":[{"count":0,"href":"https:\/\/www.europesays.com\/pt\/wp-json\/wp\/v2\/posts\/67380\/revisions"}],"wp:featuredmedia":[{"embeddable":true,"href":"https:\/\/www.europesays.com\/pt\/wp-json\/wp\/v2\/media\/67381"}],"wp:attachment":[{"href":"https:\/\/www.europesays.com\/pt\/wp-json\/wp\/v2\/media?parent=67380"}],"wp:term":[{"taxonomy":"category","embeddable":true,"href":"https:\/\/www.europesays.com\/pt\/wp-json\/wp\/v2\/categories?post=67380"},{"taxonomy":"post_tag","embeddable":true,"href":"https:\/\/www.europesays.com\/pt\/wp-json\/wp\/v2\/tags?post=67380"}],"curies":[{"name":"wp","href":"https:\/\/api.w.org\/{rel}","templated":true}]}}