{"id":67513,"date":"2025-09-11T19:22:36","date_gmt":"2025-09-11T19:22:36","guid":{"rendered":"https:\/\/www.europesays.com\/pt\/67513\/"},"modified":"2025-09-11T19:22:36","modified_gmt":"2025-09-11T19:22:36","slug":"adeus-chuva-os-proximos-dias-vao-ser-de-sol-e-de-ligeira-subida-das-temperaturas-no-minho","status":"publish","type":"post","link":"https:\/\/www.europesays.com\/pt\/67513\/","title":{"rendered":"Adeus, chuva. Os pr\u00f3ximos dias v\u00e3o ser de sol e de (ligeira) subida das temperaturas no Minho"},"content":{"rendered":"<p>Esta quinta-feira ainda ser\u00e1 marcada por chuva fraca ou chuviscos at\u00e9 ao final da tarde, mas os pr\u00f3ximos dias v\u00e3o ser de c\u00e9u pouco nublado (embora com neblina matinal) e com uma subida das temperaturas, que ser\u00e1 mais ligeira no Minho do que no resto do pa\u00eds.<\/p>\n<p>Segundo o Instituto Portugu\u00eas do Mar e da Atmosfera (IPMA), a partir da tarde de amanh\u00e3, sexta-feira, e at\u00e9 ter\u00e7a-feira, \u201cprev\u00ea-se uma intensifica\u00e7\u00e3o da crista anticicl\u00f3nica em dire\u00e7\u00e3o a Portugal continental, pelo que s\u00e3o expect\u00e1veis dias de c\u00e9u pouco nublado ou limpo, embora com nebulosidade baixa, e eventualmente neblinas e nevoeiros matinais, no litoral a norte do Cabo Raso at\u00e9 final da manh\u00e3, a qual poder\u00e1 persistir no Minho em alguns dos dias\u201d.<\/p>\n<p>\u201cAdicionalmente, as temperaturas m\u00e1ximas, que t\u00eam estado abaixo da m\u00e9dia para a \u00e9poca do ano, dever\u00e3o subir ligeiramente no dia 11, exceto no Minho e Douro Litoral e na faixa costeira a norte do Cabo da Roca, registando nova subida no dia 14, mais significativa e generalizada a todo o territ\u00f3rio\u201d, acrescenta o IPMA.<\/p>\n<p>Portanto, na regi\u00e3o do Minho, a subida das temperaturas n\u00e3o ser\u00e1 t\u00e3o sentida. Em Braga, hoje a m\u00e1xima \u00e9 de 23 graus Celsius e chegar\u00e1 aos 27\u00baC no domingo, prevendo-se que continue por volta desse valor na pr\u00f3xima semana.<\/p>\n<p>Em Viana do Castelo, as m\u00e1ximas v\u00e3o subir dos 20\u00baC hoje at\u00e9 aos 22\u00baC no domingo.<\/p>\n<p>J\u00e1 em Ponte de Lima, onde decorrem as Feiras Novas, a m\u00e1xima \u2013 que hoje \u00e9 de 22\u00baC \u2013 vai chegar aos 26\u00baC no domingo.<\/p>\n","protected":false},"excerpt":{"rendered":"Esta quinta-feira ainda ser\u00e1 marcada por chuva fraca ou chuviscos at\u00e9 ao final da tarde, mas os pr\u00f3ximos&hellip;\n","protected":false},"author":2,"featured_media":67514,"comment_status":"","ping_status":"","sticky":false,"template":"","format":"standard","meta":{"footnotes":""},"categories":[10],"tags":[27,28,15,16,14,25,26,21,22,12,13,19,20,32,23,24,33,17,18,29,30,31],"class_list":{"0":"post-67513","1":"post","2":"type-post","3":"status-publish","4":"format-standard","5":"has-post-thumbnail","7":"category-portugal","8":"tag-breaking-news","9":"tag-breakingnews","10":"tag-featured-news","11":"tag-featurednews","12":"tag-headlines","13":"tag-latest-news","14":"tag-latestnews","15":"tag-main-news","16":"tag-mainnews","17":"tag-news","18":"tag-noticias","19":"tag-noticias-principais","20":"tag-noticiasprincipais","21":"tag-portugal","22":"tag-principais-noticias","23":"tag-principaisnoticias","24":"tag-pt","25":"tag-top-stories","26":"tag-topstories","27":"tag-ultimas","28":"tag-ultimas-noticias","29":"tag-ultimasnoticias"},"share_on_mastodon":{"url":"","error":""},"_links":{"self":[{"href":"https:\/\/www.europesays.com\/pt\/wp-json\/wp\/v2\/posts\/67513","targetHints":{"allow":["GET"]}}],"collection":[{"href":"https:\/\/www.europesays.com\/pt\/wp-json\/wp\/v2\/posts"}],"about":[{"href":"https:\/\/www.europesays.com\/pt\/wp-json\/wp\/v2\/types\/post"}],"author":[{"embeddable":true,"href":"https:\/\/www.europesays.com\/pt\/wp-json\/wp\/v2\/users\/2"}],"replies":[{"embeddable":true,"href":"https:\/\/www.europesays.com\/pt\/wp-json\/wp\/v2\/comments?post=67513"}],"version-history":[{"count":0,"href":"https:\/\/www.europesays.com\/pt\/wp-json\/wp\/v2\/posts\/67513\/revisions"}],"wp:featuredmedia":[{"embeddable":true,"href":"https:\/\/www.europesays.com\/pt\/wp-json\/wp\/v2\/media\/67514"}],"wp:attachment":[{"href":"https:\/\/www.europesays.com\/pt\/wp-json\/wp\/v2\/media?parent=67513"}],"wp:term":[{"taxonomy":"category","embeddable":true,"href":"https:\/\/www.europesays.com\/pt\/wp-json\/wp\/v2\/categories?post=67513"},{"taxonomy":"post_tag","embeddable":true,"href":"https:\/\/www.europesays.com\/pt\/wp-json\/wp\/v2\/tags?post=67513"}],"curies":[{"name":"wp","href":"https:\/\/api.w.org\/{rel}","templated":true}]}}