{"id":67515,"date":"2025-09-11T19:24:11","date_gmt":"2025-09-11T19:24:11","guid":{"rendered":"https:\/\/www.europesays.com\/pt\/67515\/"},"modified":"2025-09-11T19:24:11","modified_gmt":"2025-09-11T19:24:11","slug":"sbt-tv-ingrid-guimaraes-desabafa-ao-relembrar-abortos-espontaneos-tentei-ate-onde-pude","status":"publish","type":"post","link":"https:\/\/www.europesays.com\/pt\/67515\/","title":{"rendered":"SBT TV | Ingrid Guimar\u00e3es desabafa ao relembrar abortos espont\u00e2neos: \\&#8221;Tentei at\u00e9 onde pude\\&#8221;"},"content":{"rendered":"<p><strong>Ingrid Guimar\u00e3es <\/strong>abriu o cora\u00e7\u00e3o nesta semana ao tratar de um assunto delicado que enfrentou na vida pessoal. Em entrevista ao MaterniDelas, a atriz compartilhou que sofreu dois abortos espont\u00e2neos.<\/p>\n<p class=\"related-link\"><strong><a href=\"https:\/\/www.sbt.com.br\/jornalismo\/fofocalizando\/noticia\/284654-maya-massafera-conta-se-tem-desejo-em-ser-mae-e-qual-cirurgia-foi-mais-dificil\" title=\"Maya Massafera conta se tem desejo em ser m\u00e3e e qual cirurgia foi mais dif\u00edcil\" class=\"link_sbttv\" rel=\"nofollow noopener\" target=\"_blank\">+ Maya Massafera conta se tem desejo em ser m\u00e3e e qual cirurgia foi mais dif\u00edcil<\/a><\/strong><\/p>\n<p class=\"related-link\"><strong><a href=\"https:\/\/www.sbt.com.br\/jornalismo\/fofocalizando\/noticia\/284653-joao-guilherme-ostenta-abdomen-trincado-e-impressiona-seguidores\" title=\"Jo\u00e3o Guilherme ostenta abd\u00f4men trincado e impressiona seguidores\" class=\"link_sbttv\" rel=\"nofollow noopener\" target=\"_blank\">+ Jo\u00e3o Guilherme ostenta abd\u00f4men trincado e impressiona seguidores<\/a><\/strong><\/p>\n<p>De acordo com Ingrid, ela planejava ter um segundo filho para que a primog\u00eanita, Clara, atualmente com 15 anos, tivesse uma companhia. &#8220;No meu caso, eu tinha s\u00f3 uma filha, e tinha tentado ter outro filho. Depois da Clara, tentei ter outro filho, porque tenho irm\u00e3s e sou muito grudada nelas, ent\u00e3o \u00e9 super s\u00e9rio, para mim. Tentei ter outro filho e perdi, tentei de novo e perdi. Fiz uma insemina\u00e7\u00e3o e n\u00e3o deu certo&#8230; ent\u00e3o eu tinha um hist\u00f3rico. Tentei at\u00e9 os 43 anos&#8221;, confidenciou.<\/p>\n<p>&#8220;Acho que tem que tentar, e eu tentei at\u00e9 onde pude. Parei de tentar aos 44, porque o casamento uma hora vira s\u00f3 isso. Eu tinha essa frustra\u00e7\u00e3o do segundo filho, e a menopausa, para mim, trouxe esse sentimento de que n\u00e3o dava mais mesmo. Depois, a gente v\u00ea uma pessoa mais velha [conseguindo], como Cl\u00e1udia Raia e C\u00e1ssia Kis, e d\u00e1 uma esperancinha&#8221;, opinou.\u00a0<\/p>\n<p>A famosa tamb\u00e9m falou sobre como se sentiu quando percebeu que estava na menopausa e n\u00e3o teria mais a possibilidade de ter filhos. &#8220;Depois que d\u00e1 um ano em que voc\u00ea para de menstruar, voc\u00ea pensa: &#8216;Parei de ovular, de reproduzir. N\u00e3o posso mais ter filhos&#8217;. Por mais que voc\u00ea n\u00e3o queira mais ter filhos, essa sensa\u00e7\u00e3o de n\u00e3o poder ter \u00e9 diferente, porque voc\u00ea sempre acha que pode mudar de ideia&#8221;, contou.<\/p>\n","protected":false},"excerpt":{"rendered":"Ingrid Guimar\u00e3es abriu o cora\u00e7\u00e3o nesta semana ao tratar de um assunto delicado que enfrentou na vida pessoal.&hellip;\n","protected":false},"author":2,"featured_media":67516,"comment_status":"","ping_status":"","sticky":false,"template":"","format":"standard","meta":{"footnotes":""},"categories":[145],"tags":[2314,211,210,114,115,18423,972,2212,1041,1697,18422,2558,4560,32,33],"class_list":{"0":"post-67515","1":"post","2":"type-post","3":"status-publish","4":"format-standard","5":"has-post-thumbnail","7":"category-celebridades","8":"tag-aborto","9":"tag-celebridades","10":"tag-celebrities","11":"tag-entertainment","12":"tag-entretenimento","13":"tag-espontaneo","14":"tag-fofocalizando","15":"tag-gestacao","16":"tag-gravidez","17":"tag-guimaraes","18":"tag-ingrid","19":"tag-maternidade","20":"tag-menopausa","21":"tag-portugal","22":"tag-pt"},"share_on_mastodon":{"url":"","error":""},"_links":{"self":[{"href":"https:\/\/www.europesays.com\/pt\/wp-json\/wp\/v2\/posts\/67515","targetHints":{"allow":["GET"]}}],"collection":[{"href":"https:\/\/www.europesays.com\/pt\/wp-json\/wp\/v2\/posts"}],"about":[{"href":"https:\/\/www.europesays.com\/pt\/wp-json\/wp\/v2\/types\/post"}],"author":[{"embeddable":true,"href":"https:\/\/www.europesays.com\/pt\/wp-json\/wp\/v2\/users\/2"}],"replies":[{"embeddable":true,"href":"https:\/\/www.europesays.com\/pt\/wp-json\/wp\/v2\/comments?post=67515"}],"version-history":[{"count":0,"href":"https:\/\/www.europesays.com\/pt\/wp-json\/wp\/v2\/posts\/67515\/revisions"}],"wp:featuredmedia":[{"embeddable":true,"href":"https:\/\/www.europesays.com\/pt\/wp-json\/wp\/v2\/media\/67516"}],"wp:attachment":[{"href":"https:\/\/www.europesays.com\/pt\/wp-json\/wp\/v2\/media?parent=67515"}],"wp:term":[{"taxonomy":"category","embeddable":true,"href":"https:\/\/www.europesays.com\/pt\/wp-json\/wp\/v2\/categories?post=67515"},{"taxonomy":"post_tag","embeddable":true,"href":"https:\/\/www.europesays.com\/pt\/wp-json\/wp\/v2\/tags?post=67515"}],"curies":[{"name":"wp","href":"https:\/\/api.w.org\/{rel}","templated":true}]}}