{"id":67517,"date":"2025-09-11T19:26:12","date_gmt":"2025-09-11T19:26:12","guid":{"rendered":"https:\/\/www.europesays.com\/pt\/67517\/"},"modified":"2025-09-11T19:26:12","modified_gmt":"2025-09-11T19:26:12","slug":"clube-de-leitura-italiano-leva-vita-a-universidade-do-porto","status":"publish","type":"post","link":"https:\/\/www.europesays.com\/pt\/67517\/","title":{"rendered":"Clube de Leitura Italiano leva &#8220;Vita&#8221; \u00e0 Universidade do Porto"},"content":{"rendered":"<p>&#13;<\/p>\n<p>No pr\u00f3ximo dia <strong>17 de setembro, \u00e0s 19h00,<\/strong> voltamos a ter um encontro marcado com a literatura italiana. <a href=\"https:\/\/www.up.pt\/casacomum\/eventos\/club-di-lettura-italiano-2025-clube-de-leitura-italiano-2025\/var\/ri-3.l-L1\" rel=\"nofollow noopener\" target=\"_blank\">O Clube de Leitura Italiano<\/a> \u00e9 uma iniciativa da ASCIP Dante Alighieri, em parceria com a <strong>Casa Comum<\/strong> (\u00e0 Reitoria) da Universidade do Porto. Desta vez, o pretexto \u00e9 <strong>Vita<\/strong>, de Melania G.Mazzucco. A entrada \u00e9 livre.<\/p>\n<p>Para quem ainda n\u00e3o conhece, Vita poder\u00e1 ser um \u201cbilhete de entrada\u201d para o universo de Melania G. Mazzucco, uma escritora italiana cujo primeiro romance, em 1996, Il bacio della Medusa, j\u00e1 tinha sido finalista do Pr\u00e9mio Strega.<\/p>\n<p>Por enquanto, abrimos as p\u00e1ginas do livro que nos ir\u00e1 conduzir at\u00e9 \u00e0 Casa Comum e entramos numa esp\u00e9cie de capsula do tempo. Em 1903, Vita e Diamante, com nove e doze anos de idade, desembarcam sozinhos em Nova Iorque. Para tr\u00e1s, ficou a mis\u00e9ria do campo do Sul de It\u00e1lia. Espera-os uma metr\u00f3pole moderna, mas em simult\u00e2neo ca\u00f3tica e hostil. Vita \u00e9 rebelde, possessiva e indom\u00e1vel. De Diamante podemos dizer que \u00e9 silencioso e orgulhoso. Temer\u00e1rio, por vezes.<\/p>\n<p>\u00c0 sua espera est\u00e3o opress\u00f5es, viol\u00eancia e trai\u00e7\u00f5es. Mas tamb\u00e9m ocasi\u00f5es para se resgatarem. \u00c9 com estas duas personagens que iremos \u00e0 descoberta da amizade e, principalmente, do amor, que se revelar\u00e1 mais forte do que a dist\u00e2ncia, a guerra e o tempo. Ao dar voz a um conjunto de personagens perdidas na mem\u00f3ria, Melania Mazzucco entrela\u00e7a os fios de uma narra\u00e7\u00e3o familiar e universal ao mesmo tempo. Esta \u00e9 tamb\u00e9m a hist\u00f3ria de todos os que sonharam \u2013 e ainda sonham \u2013 uma vida melhor.<\/p>\n<p>O convite feito pelo Clube de Leitura Italiano \u00e9 aberto a todos, a quem vai ler os livros e quem os quer descobrir antes de os ler. O desejo de aumentar a comunidade de leitores e de fazer com que a literatura seja o ponto de partida para uma troca de ideias e reflex\u00f5es \u00e9 o grande objetivo destas sess\u00f5es, que acontecem em \u201cl\u00edngua h\u00edbrida\u201d entre italiano e portugu\u00eas, indo ao encontro das possibilidades e prefer\u00eancias de cada um dos participantes. A <strong>entrada<\/strong> \u00e9 <strong>livre<\/strong>, mas sujeita a <a href=\"https:\/\/docs.google.com\/forms\/d\/e\/1FAIpQLSd7r8QADxzeuY-fREAdgErVDUJpJpayYqY9nIPgHyD48dvBig\/viewform\" rel=\"nofollow noopener\" target=\"_blank\">inscri\u00e7\u00e3o pr\u00e9via.<\/a><\/p>\n<p>O Clube de Leitura da ASCIP Dante Alighieri existe desde 2019 e visa promover a literatura italiana, com particular aten\u00e7\u00e3o \u00e0 produ\u00e7\u00e3o contempor\u00e2nea, sem esquecer os cl\u00e1ssicos mais recentes.<\/p>\n<p>Sobre Melania G. Mazzucco<\/p>\n<p>Nascida em Roma, em 1966. Melania Mazzucco estudou Hist\u00f3ria da Literatura Italiana na Universidade La Sapienza de Roma, especializando-se em cinema no Centro Sperimentale da mesma cidade. Explorando temas variados, os seus romances\u00a0revelam uma elevada t\u00e9cnica narrativa, com precis\u00e3o e ironia, caracterizando-se pelas constantes varia\u00e7\u00f5es de ritmo.<\/p>\n<p>Em 2000, o romance document\u00e1rio sobre Annemarie Schwarzenbach, Lei cos\u00ec amata, recebeu o Pr\u00e9mio Napoli e o Pr\u00e9mio Bari para a categoria de romance. Em 2003, \u00e9, precisamente, com o romance Vita que vence o Pr\u00e9mio Strega que lhe trouxe o reconhecimento internacional em Espanha, com o Pr\u00e9mio Santiago de Compostela em 2005, e no Canad\u00e1, com o Globe and Mail Book of the Year.<\/p>\n<p>A Arquitetriz, romance de 2019, vencer\u00e1 v\u00e1rios pr\u00e9mios, entre eles o Pr\u00e9mio Stresa e o Pr\u00e9mio Manzoni. O romance Un giorno perfetto foi adaptado ao cinema, em 2009, com realiza\u00e7\u00e3o de Ferzan \u00d6zpetek.<\/p>\n","protected":false},"excerpt":{"rendered":"&#13; No pr\u00f3ximo dia 17 de setembro, \u00e0s 19h00, voltamos a ter um encontro marcado com a literatura&hellip;\n","protected":false},"author":2,"featured_media":67518,"comment_status":"","ping_status":"","sticky":false,"template":"","format":"standard","meta":{"footnotes":""},"categories":[143],"tags":[169,18424,114,115,864,170,32,33],"class_list":{"0":"post-67517","1":"post","2":"type-post","3":"status-publish","4":"format-standard","5":"has-post-thumbnail","7":"category-livros","8":"tag-books","9":"tag-casa-comum","10":"tag-entertainment","11":"tag-entretenimento","12":"tag-literatura","13":"tag-livros","14":"tag-portugal","15":"tag-pt"},"share_on_mastodon":{"url":"","error":""},"_links":{"self":[{"href":"https:\/\/www.europesays.com\/pt\/wp-json\/wp\/v2\/posts\/67517","targetHints":{"allow":["GET"]}}],"collection":[{"href":"https:\/\/www.europesays.com\/pt\/wp-json\/wp\/v2\/posts"}],"about":[{"href":"https:\/\/www.europesays.com\/pt\/wp-json\/wp\/v2\/types\/post"}],"author":[{"embeddable":true,"href":"https:\/\/www.europesays.com\/pt\/wp-json\/wp\/v2\/users\/2"}],"replies":[{"embeddable":true,"href":"https:\/\/www.europesays.com\/pt\/wp-json\/wp\/v2\/comments?post=67517"}],"version-history":[{"count":0,"href":"https:\/\/www.europesays.com\/pt\/wp-json\/wp\/v2\/posts\/67517\/revisions"}],"wp:featuredmedia":[{"embeddable":true,"href":"https:\/\/www.europesays.com\/pt\/wp-json\/wp\/v2\/media\/67518"}],"wp:attachment":[{"href":"https:\/\/www.europesays.com\/pt\/wp-json\/wp\/v2\/media?parent=67517"}],"wp:term":[{"taxonomy":"category","embeddable":true,"href":"https:\/\/www.europesays.com\/pt\/wp-json\/wp\/v2\/categories?post=67517"},{"taxonomy":"post_tag","embeddable":true,"href":"https:\/\/www.europesays.com\/pt\/wp-json\/wp\/v2\/tags?post=67517"}],"curies":[{"name":"wp","href":"https:\/\/api.w.org\/{rel}","templated":true}]}}