{"id":67521,"date":"2025-09-11T19:30:12","date_gmt":"2025-09-11T19:30:12","guid":{"rendered":"https:\/\/www.europesays.com\/pt\/67521\/"},"modified":"2025-09-11T19:30:12","modified_gmt":"2025-09-11T19:30:12","slug":"mayer-apresenta-estrutura-inovadora-para-o-futebol-do-benfica","status":"publish","type":"post","link":"https:\/\/www.europesays.com\/pt\/67521\/","title":{"rendered":"Mayer apresenta estrutura inovadora para o futebol do Benfica"},"content":{"rendered":"<p>Martim Mayer, candidato a presidente do <a class=\"autolink-enabled\" data-resource-id=\"450\" data-resource-type=\"team\" data-sport=\"football\" href=\"https:\/\/www.abola.pt\/futebol\/benfica-450\" rel=\"nofollow noopener\" target=\"_blank\">Benfica<\/a> nas elei\u00e7\u00f5es do clube marcadas para 25 de outubro, deu a conhecer aquela que ser\u00e1 a estrutura para o futebol dos encarnados se vencer as elei\u00e7\u00f5es.<\/p>\n<p>Numa estrutura que acredita ser inovadora no futebol portugu\u00eas, Mayer apresenta a seguinte estrutura, ainda sem nomes anunciados: a Dire\u00e7\u00e3o da <a class=\"autolink-enabled\" data-resource-id=\"450\" data-resource-type=\"team\" data-sport=\"football\" href=\"https:\/\/www.abola.pt\/futebol\/benfica-450\" rel=\"nofollow noopener\" target=\"_blank\">Benfica<\/a> SAD na c\u00fapula, seguida de uma comiss\u00e3o executiva, a que responder\u00e1 um diretor-geral para o futebol na globalidade. Seguem-se treinador da equipa A e um diretor para o futebol. Na linha abaixo desta hierarquia \u2014 diretor da equipa feminina, diretor do <a class=\"autolink-enabled\" data-resource-id=\"450\" data-resource-type=\"team\" data-sport=\"football\" href=\"https:\/\/www.abola.pt\/futebol\/benfica-450\" rel=\"nofollow noopener\" target=\"_blank\">Benfica<\/a> Campus, diretor de scouting e diretor das equipas B e sub-23.<\/p>\n<p>O diretor-geral para o futebol, figura central no plano de Martim Mayer, em sintonia com a Dire\u00e7\u00e3o e comiss\u00e3o executiva, ter\u00e1 a responsabilidade de criar uma identidade (modelo jogo, perfis posicionais, tamanho e profundidade do plantel, planeamento de curto prazo, de m\u00e9dio e longo prazo, mapas de sucess\u00e3o, fornecimento anual de jogadores da forma\u00e7\u00e3o \u00e0 equipa profissional) e de definir a estrutura, perfil de treinador e restantes diretores das outras \u00e1reas acima mencionadas.<\/p>\n<p>Os objetivos ser\u00e3o: melhoria da estrat\u00e9gia de mercado, aumento da percentagem de jogadores da forma\u00e7\u00e3o na equipa A, aumento do n\u00famero de anos de perman\u00eancia de jogadores da forma\u00e7\u00e3o na equipa A, criar coordena\u00e7\u00e3o efetiva entre scouting e forma\u00e7\u00e3o e entre equipas B, sub-23 e equipa A, acelerar e antecipar o n\u00edvel competitivo dos jogadores da forma\u00e7\u00e3o e consolidar a identidade futebol\u00edstica do <a class=\"autolink-enabled\" data-resource-id=\"450\" data-resource-type=\"team\" data-sport=\"football\" href=\"https:\/\/www.abola.pt\/futebol\/benfica-450\" rel=\"nofollow noopener\" target=\"_blank\">Benfica<\/a> a m\u00e9dio prazo.<\/p>\n<p>Martim Mayer, recorde-se, est\u00e1 na corrida eleitoral juntamente com Jo\u00e3o Diogo Manteigas, Jo\u00e3o Noronha Lopes, Crist\u00f3v\u00e3o Carvalho, Rui Costa e Lu\u00eds Filipe Vieira.<\/p>\n","protected":false},"excerpt":{"rendered":"Martim Mayer, candidato a presidente do Benfica nas elei\u00e7\u00f5es do clube marcadas para 25 de outubro, deu a&hellip;\n","protected":false},"author":2,"featured_media":67522,"comment_status":"","ping_status":"","sticky":false,"template":"","format":"standard","meta":{"footnotes":""},"categories":[87],"tags":[135,32,33,134],"class_list":{"0":"post-67521","1":"post","2":"type-post","3":"status-publish","4":"format-standard","5":"has-post-thumbnail","7":"category-desporto","8":"tag-desporto","9":"tag-portugal","10":"tag-pt","11":"tag-sports"},"share_on_mastodon":{"url":"","error":""},"_links":{"self":[{"href":"https:\/\/www.europesays.com\/pt\/wp-json\/wp\/v2\/posts\/67521","targetHints":{"allow":["GET"]}}],"collection":[{"href":"https:\/\/www.europesays.com\/pt\/wp-json\/wp\/v2\/posts"}],"about":[{"href":"https:\/\/www.europesays.com\/pt\/wp-json\/wp\/v2\/types\/post"}],"author":[{"embeddable":true,"href":"https:\/\/www.europesays.com\/pt\/wp-json\/wp\/v2\/users\/2"}],"replies":[{"embeddable":true,"href":"https:\/\/www.europesays.com\/pt\/wp-json\/wp\/v2\/comments?post=67521"}],"version-history":[{"count":0,"href":"https:\/\/www.europesays.com\/pt\/wp-json\/wp\/v2\/posts\/67521\/revisions"}],"wp:featuredmedia":[{"embeddable":true,"href":"https:\/\/www.europesays.com\/pt\/wp-json\/wp\/v2\/media\/67522"}],"wp:attachment":[{"href":"https:\/\/www.europesays.com\/pt\/wp-json\/wp\/v2\/media?parent=67521"}],"wp:term":[{"taxonomy":"category","embeddable":true,"href":"https:\/\/www.europesays.com\/pt\/wp-json\/wp\/v2\/categories?post=67521"},{"taxonomy":"post_tag","embeddable":true,"href":"https:\/\/www.europesays.com\/pt\/wp-json\/wp\/v2\/tags?post=67521"}],"curies":[{"name":"wp","href":"https:\/\/api.w.org\/{rel}","templated":true}]}}