{"id":67523,"date":"2025-09-11T19:31:07","date_gmt":"2025-09-11T19:31:07","guid":{"rendered":"https:\/\/www.europesays.com\/pt\/67523\/"},"modified":"2025-09-11T19:31:07","modified_gmt":"2025-09-11T19:31:07","slug":"tecpar-vai-fornecer-vacinas-contra-raiva-humana-e-varicela-ao-sus","status":"publish","type":"post","link":"https:\/\/www.europesays.com\/pt\/67523\/","title":{"rendered":"Tecpar vai fornecer vacinas contra raiva humana e varicela ao SUS"},"content":{"rendered":"<p class=\"postParagraph_post-paragraph-innerHtml__Q5vwc\">O Instituto de Tecnologia do Paran\u00e1 (Tecpar) foi selecionado pelo Minist\u00e9rio da Sa\u00fade para fornecer vacinas contra a <strong>raiva humana<\/strong> e a <strong>varicela<\/strong> ao Sistema \u00danico de Sa\u00fade (SUS). O resultado foi publicado no Di\u00e1rio Oficial da Uni\u00e3o e integra o Programa de Parcerias para o Desenvolvimento Produtivo (PDP), que transfere tecnologia de laborat\u00f3rios privados para institui\u00e7\u00f5es p\u00fablicas.<\/p>\n<p class=\"postParagraph_post-paragraph-innerHtml__Q5vwc\"><a href=\"https:\/\/especiais.gazetadopovo.com.br\/noticias-por-mensagem\/\" target=\"_blank\" rel=\"noreferrer noopener nofollow\">Receba as principais not\u00edcias do Paran\u00e1 pelo WhatsApp<\/a><\/p>\n<p class=\"postParagraph_post-paragraph-innerHtml__Q5vwc\">O Tecpar atuar\u00e1 em parceria com as farmac\u00eauticas Sinovac e Eurofarma. A escolha \u00e9 considerada um avan\u00e7o na estrat\u00e9gia nacional de ampliar a autossufici\u00eancia em imunizantes, considerados produtos essenciais para a sa\u00fade p\u00fablica brasileira.<\/p>\n<p class=\"postParagraph_post-paragraph-innerHtml__Q5vwc\">Segundo o diretor-presidente do Tecpar, Eduardo Marafon, a decis\u00e3o fortalece o papel do instituto entre os laborat\u00f3rios oficiais que atendem o SUS. \u201cO fornecimento dessas vacinas refor\u00e7a o compromisso do Tecpar com a sa\u00fade p\u00fablica. Em breve, elas ser\u00e3o totalmente produzidas no Brasil, garantindo <strong>soberania tecnol\u00f3gica<\/strong> e <strong>seguran\u00e7a para a popula\u00e7\u00e3o<\/strong>\u201d, afirmou.<\/p>\n<p class=\"postParagraph_post-paragraph__juWZN\">Para viabilizar a produ\u00e7\u00e3o, o Tecpar prepara a implanta\u00e7\u00e3o de uma unidade fabril em seu novo campus em Maring\u00e1, no noroeste do Paran\u00e1. As obras do Parque Tecnol\u00f3gico Industrial da Sa\u00fade alcan\u00e7aram cerca de 50% de execu\u00e7\u00e3o e devem ser conclu\u00eddas at\u00e9 2026. A expectativa \u00e9 que as duas vacinas passem a ser fabricadas na cidade, integrando a cadeia nacional de imunobiol\u00f3gicos.<\/p>\n<p class=\"postParagraph_post-paragraph__juWZN\">O Programa de Parcerias para o Desenvolvimento Produtivo tem como objetivo ampliar o acesso a medicamentos e produtos estrat\u00e9gicos, fortalecer o Complexo Econ\u00f4mico-Industrial da Sa\u00fade e reduzir a depend\u00eancia externa do pa\u00eds. O processo \u00e9 desenvolvido em fases: no in\u00edcio, o produto \u00e9 fornecido por laborat\u00f3rios privados parceiros, enquanto ocorre a transfer\u00eancia de tecnologia para a institui\u00e7\u00e3o p\u00fablica.<\/p>\n<p class=\"postParagraph_post-paragraph__juWZN\">Esse per\u00edodo pode durar at\u00e9 dez anos, ao final dos quais a produ\u00e7\u00e3o deve estar totalmente internalizada. Com a nova parceria, o Paran\u00e1 se posiciona como polo relevante na produ\u00e7\u00e3o de vacinas no Brasil.<\/p>\n<p class=\"gp-styles-module-size-small-afeYRa gp-styles-module-font-family2-afeYRa gp-styles-module-color-secondary-afeYRa gp-styles-module-weight-bold-afeYRa\">VEJA TAMB\u00c9M:<\/p>\n<ul class=\"postViewMore_post-view-more-list__CU_CE\">\n<li class=\"postViewMore_post-view-more-item__2MzRb\"><img loading=\"lazy\" decoding=\"async\" class=\"imageDefault_image-item__lU2Dk\" src=\"https:\/\/www.europesays.com\/pt\/wp-content\/uploads\/2025\/09\/Vacinacao_Jose-Fernando-Ogura_AEN-380x214.jpg.webp.webp\" alt=\"Paran\u00e1 alcan\u00e7ou quase 100% de cobertura em vacinas como a BCG, superando a m\u00e9dia nacional\" width=\"72\" height=\"72\"\/><a class=\"postViewMore_post-view-more-link-hasImage__0lssj\" href=\"https:\/\/www.gazetadopovo.com.br\/parana\/vacinacao-infantil-parana-referencia-internacional\/?ref=veja-tambem\" title=\"Veja tamb\u00e9m: Paran\u00e1 supera m\u00e9dia nacional e vira refer\u00eancia em vacina\u00e7\u00e3o infantil\" rel=\"nofollow noopener\" target=\"_blank\">Paran\u00e1 supera m\u00e9dia nacional e vira refer\u00eancia em vacina\u00e7\u00e3o infantil<\/a><\/li>\n<li class=\"postViewMore_post-view-more-item__2MzRb\"><img loading=\"lazy\" decoding=\"async\" class=\"imageDefault_image-item__lU2Dk\" src=\"https:\/\/www.europesays.com\/pt\/wp-content\/uploads\/2025\/09\/tecpar-hedeson-alves-380x214.jpg.webp.webp\" alt=\"Tecpar\" width=\"72\" height=\"72\"\/><a class=\"postViewMore_post-view-more-link-hasImage__0lssj\" href=\"https:\/\/www.gazetadopovo.com.br\/vozes\/parana-sa\/tecpar-moderniza-infraestrutura-e-amplia-producao-cientifica-e-tecnologica\/?ref=veja-tambem\" title=\"Veja tamb\u00e9m: Tecpar moderniza infraestrutura e amplia produ\u00e7\u00e3o cient\u00edfica e tecnol\u00f3gica\" rel=\"nofollow noopener\" target=\"_blank\">Tecpar moderniza infraestrutura e amplia produ\u00e7\u00e3o cient\u00edfica e tecnol\u00f3gica<\/a><\/li>\n<\/ul>\n","protected":false},"excerpt":{"rendered":"O Instituto de Tecnologia do Paran\u00e1 (Tecpar) foi selecionado pelo Minist\u00e9rio da Sa\u00fade para fornecer vacinas contra a&hellip;\n","protected":false},"author":2,"featured_media":67524,"comment_status":"","ping_status":"","sticky":false,"template":"","format":"standard","meta":{"footnotes":""},"categories":[86],"tags":[726,1049,116,62,13,52,32,33,117],"class_list":{"0":"post-67523","1":"post","2":"type-post","3":"status-publish","4":"format-standard","5":"has-post-thumbnail","7":"category-saude","8":"tag-brasil","9":"tag-gazeta-do-povo","10":"tag-health","11":"tag-mundo","12":"tag-noticias","13":"tag-politica","14":"tag-portugal","15":"tag-pt","16":"tag-saude"},"share_on_mastodon":{"url":"","error":""},"_links":{"self":[{"href":"https:\/\/www.europesays.com\/pt\/wp-json\/wp\/v2\/posts\/67523","targetHints":{"allow":["GET"]}}],"collection":[{"href":"https:\/\/www.europesays.com\/pt\/wp-json\/wp\/v2\/posts"}],"about":[{"href":"https:\/\/www.europesays.com\/pt\/wp-json\/wp\/v2\/types\/post"}],"author":[{"embeddable":true,"href":"https:\/\/www.europesays.com\/pt\/wp-json\/wp\/v2\/users\/2"}],"replies":[{"embeddable":true,"href":"https:\/\/www.europesays.com\/pt\/wp-json\/wp\/v2\/comments?post=67523"}],"version-history":[{"count":0,"href":"https:\/\/www.europesays.com\/pt\/wp-json\/wp\/v2\/posts\/67523\/revisions"}],"wp:featuredmedia":[{"embeddable":true,"href":"https:\/\/www.europesays.com\/pt\/wp-json\/wp\/v2\/media\/67524"}],"wp:attachment":[{"href":"https:\/\/www.europesays.com\/pt\/wp-json\/wp\/v2\/media?parent=67523"}],"wp:term":[{"taxonomy":"category","embeddable":true,"href":"https:\/\/www.europesays.com\/pt\/wp-json\/wp\/v2\/categories?post=67523"},{"taxonomy":"post_tag","embeddable":true,"href":"https:\/\/www.europesays.com\/pt\/wp-json\/wp\/v2\/tags?post=67523"}],"curies":[{"name":"wp","href":"https:\/\/api.w.org\/{rel}","templated":true}]}}