{"id":67525,"date":"2025-09-11T19:32:25","date_gmt":"2025-09-11T19:32:25","guid":{"rendered":"https:\/\/www.europesays.com\/pt\/67525\/"},"modified":"2025-09-11T19:32:25","modified_gmt":"2025-09-11T19:32:25","slug":"cristina-ferreira-diz-que-humor-de-ana-garcia-martins-e-joana-marques-nao-tem-graca-nenhuma","status":"publish","type":"post","link":"https:\/\/www.europesays.com\/pt\/67525\/","title":{"rendered":"Cristina Ferreira diz que humor de Ana Garcia Martins e Joana Marques &#8220;n\u00e3o tem gra\u00e7a nenhuma&#8221;"},"content":{"rendered":"<p>Esta quinta-feira, dia 11 de setembro, foi para o ar mais um \u201c<a href=\"https:\/\/www.atelevisao.com\/tag\/dois-as-10\/\" rel=\"nofollow noopener\" target=\"_blank\">Dois \u00e0s 10<\/a>\u201c, programa da TVI conduzido por Cristina Ferreira e Cl\u00e1udio Ramos.<\/p>\n<p>Perto do fim da emiss\u00e3o, e enquanto brincava com os requisitos alimentares do parceiro, a diretora de entretenimento e fic\u00e7\u00e3o de Queluz de Baixo atirou uma \u201cboca\u201d que n\u00e3o passou indiferente.<\/p>\n<p>\u201c<strong>Podemos fazer um formato chamado \u201cEste Programa N\u00e3o tem Gra\u00e7a Nenhuma\u201d e depois era s\u00f3 dizermos asneiras, do nada (\u2026). Sermos por exemplo uma Pipoca ou uma Joana Marques e dizermos que \u00e9 humor<\/strong>\u201c, gracejou.<\/p>\n<p>\u201c<strong>Podemos fazer isso amanh\u00e3<\/strong>\u201c, retorquiu Cl\u00e1udio Ramos <a href=\"https:\/\/tviplayer.iol.pt\/programa\/dois-as-10\/5fe219a40cf2cc9de7ef9590\" target=\"_blank\" rel=\"noopener nofollow\">aqui<\/a>.<\/p>\n","protected":false},"excerpt":{"rendered":"Esta quinta-feira, dia 11 de setembro, foi para o ar mais um \u201cDois \u00e0s 10\u201c, programa da TVI&hellip;\n","protected":false},"author":2,"featured_media":67526,"comment_status":"","ping_status":"","sticky":false,"template":"","format":"standard","meta":{"footnotes":""},"categories":[85],"tags":[114,115,32,33],"class_list":{"0":"post-67525","1":"post","2":"type-post","3":"status-publish","4":"format-standard","5":"has-post-thumbnail","7":"category-entretenimento","8":"tag-entertainment","9":"tag-entretenimento","10":"tag-portugal","11":"tag-pt"},"share_on_mastodon":{"url":"","error":""},"_links":{"self":[{"href":"https:\/\/www.europesays.com\/pt\/wp-json\/wp\/v2\/posts\/67525","targetHints":{"allow":["GET"]}}],"collection":[{"href":"https:\/\/www.europesays.com\/pt\/wp-json\/wp\/v2\/posts"}],"about":[{"href":"https:\/\/www.europesays.com\/pt\/wp-json\/wp\/v2\/types\/post"}],"author":[{"embeddable":true,"href":"https:\/\/www.europesays.com\/pt\/wp-json\/wp\/v2\/users\/2"}],"replies":[{"embeddable":true,"href":"https:\/\/www.europesays.com\/pt\/wp-json\/wp\/v2\/comments?post=67525"}],"version-history":[{"count":0,"href":"https:\/\/www.europesays.com\/pt\/wp-json\/wp\/v2\/posts\/67525\/revisions"}],"wp:featuredmedia":[{"embeddable":true,"href":"https:\/\/www.europesays.com\/pt\/wp-json\/wp\/v2\/media\/67526"}],"wp:attachment":[{"href":"https:\/\/www.europesays.com\/pt\/wp-json\/wp\/v2\/media?parent=67525"}],"wp:term":[{"taxonomy":"category","embeddable":true,"href":"https:\/\/www.europesays.com\/pt\/wp-json\/wp\/v2\/categories?post=67525"},{"taxonomy":"post_tag","embeddable":true,"href":"https:\/\/www.europesays.com\/pt\/wp-json\/wp\/v2\/tags?post=67525"}],"curies":[{"name":"wp","href":"https:\/\/api.w.org\/{rel}","templated":true}]}}