{"id":67531,"date":"2025-09-11T19:44:11","date_gmt":"2025-09-11T19:44:11","guid":{"rendered":"https:\/\/www.europesays.com\/pt\/67531\/"},"modified":"2025-09-11T19:44:11","modified_gmt":"2025-09-11T19:44:11","slug":"superman-regressa-ao-cinema-em-2027-super-heroi-e-lex-luthor-vao-ser-aliados-diz-o-realizador-james-gunn","status":"publish","type":"post","link":"https:\/\/www.europesays.com\/pt\/67531\/","title":{"rendered":"&#8220;Superman&#8221; regressa ao cinema em 2027. Super-her\u00f3i e Lex Luthor v\u00e3o ser aliados, diz o realizador James Gunn"},"content":{"rendered":"<p>A sequela de &#8220;Superman&#8221; vai juntar o super-her\u00f3i e o vil\u00e3o Lex Luthor contra uma amea\u00e7a maior.<\/p>\n<p>O cineasta James Gunn levantou a ponta do v\u00e9u sobre a nova hist\u00f3ria e acrescentou que espera come\u00e7ar a rodagem do novo filme, ainda sem t\u00edtulo oficial, por volta de abril de 2026.<\/p>\n<p>A 3 de setembro, aquele que tamb\u00e9m \u00e9 um dos presidentes executivos da DC Studios anunciou nas redes sociais que o pr\u00f3ximo filme chegar\u00e1 aos cinemas a 7 de julho de 2027.<\/p>\n<p>A publica\u00e7\u00e3o juntava uma imagem do Super-Homem com Lex Luthor a envergar o seu fato de guerra, uma esp\u00e9cie de armadura que criou para conseguir igualar os poderes do super-her\u00f3i nos seus confrontos nas hist\u00f3rias da banda desenhada.<\/p>\n<p><a href=\"https:\/\/twitter.com\/JamesGunn\/status\/1963282616527851796\" target=\"_blank\" rel=\"noopener nofollow\"><strong>VEJA A PUBLICA\u00c7\u00c3O.<\/strong><\/a><\/p>\n<p>No cinema, James Gunn revela que ser\u00e1 diferente para as personagens interpretadas respetivamente por David Corenswet e Nicholas Hoult (os atores assinaram contrato para mais do que um filme, tal como Rachel Brosnahan, que interpreta Louis Lane).<\/p>\n<p>\u201c\u00c9 uma hist\u00f3ria sobre Lex Luthor e o Super-Homem a terem de trabalhar juntos at\u00e9 certo ponto contra uma amea\u00e7a muito, muito maior. \u00c9 mais complicado do que isso, mas \u00e9 uma grande parte. \u00c9 tanto um filme do Lex como do Super-Homem&#8221;, explicou numa entrevista ao programa de r\u00e1dio de Howard Stern na quarta-feira <a href=\"https:\/\/variety.com\/2025\/film\/news\/superman-sequel-man-of-tomorrow-lex-luthor-team-up-1236514155\/\" target=\"_blank\" rel=\"noopener nofollow\">(via Variety)<\/a>.<\/p>\n<p>E acrescentou: &#8220;Adorei trabalhar com o Nicholas Hoult. Identifico-me com a personagem do Lex, infelizmente. Queria muito criar algo extraordin\u00e1rio com ambos. Simplesmente adorei o argumento.\u201d<\/p>\n<p>\t\t<img decoding=\"async\" src=\"https:\/\/www.europesays.com\/pt\/wp-content\/uploads\/2025\/09\/1757619851_72_\"  loading=\"true\"\/><br \/>\n\t\t&#8220;Superman&#8221;Cinemundo<\/p>\n<p>&#8220;Superman&#8221; arrecadou mais de 614 milh\u00f5es de d\u00f3lares nas bilheteiras mundiais e foi o maior sucesso comercial no g\u00e9nero este ano, em que n\u00e3o ser\u00e3o lan\u00e7ados mais t\u00edtulos. Lan\u00e7ou um novo Universo DC, que continuar\u00e1 no grande ecr\u00e3 com &#8220;Supergirl&#8221;, que chegar\u00e1 aos cinemas em julho de 2026.<\/p>\n<p>Em agosto, numa das entrevistas para promover a segunda temporada de &#8220;The Peacemaker&#8221;, James Gunn j\u00e1 deixara expl\u00edcita a sua inten\u00e7\u00e3o de contar uma hist\u00f3ria sobre o Super-Homem &#8220;ao longo de quatro filmes&#8221;.<\/p>\n<p><script async src=\"https:\/\/platform.twitter.com\/widgets.js\" charset=\"utf-8\"><\/script><\/p>\n","protected":false},"excerpt":{"rendered":"A sequela de &#8220;Superman&#8221; vai juntar o super-her\u00f3i e o vil\u00e3o Lex Luthor contra uma amea\u00e7a maior. O&hellip;\n","protected":false},"author":2,"featured_media":67532,"comment_status":"","ping_status":"","sticky":false,"template":"","format":"standard","meta":{"footnotes":""},"categories":[140],"tags":[114,115,147,148,146,32,33],"class_list":{"0":"post-67531","1":"post","2":"type-post","3":"status-publish","4":"format-standard","5":"has-post-thumbnail","7":"category-filmes","8":"tag-entertainment","9":"tag-entretenimento","10":"tag-film","11":"tag-filmes","12":"tag-movies","13":"tag-portugal","14":"tag-pt"},"share_on_mastodon":{"url":"","error":""},"_links":{"self":[{"href":"https:\/\/www.europesays.com\/pt\/wp-json\/wp\/v2\/posts\/67531","targetHints":{"allow":["GET"]}}],"collection":[{"href":"https:\/\/www.europesays.com\/pt\/wp-json\/wp\/v2\/posts"}],"about":[{"href":"https:\/\/www.europesays.com\/pt\/wp-json\/wp\/v2\/types\/post"}],"author":[{"embeddable":true,"href":"https:\/\/www.europesays.com\/pt\/wp-json\/wp\/v2\/users\/2"}],"replies":[{"embeddable":true,"href":"https:\/\/www.europesays.com\/pt\/wp-json\/wp\/v2\/comments?post=67531"}],"version-history":[{"count":0,"href":"https:\/\/www.europesays.com\/pt\/wp-json\/wp\/v2\/posts\/67531\/revisions"}],"wp:featuredmedia":[{"embeddable":true,"href":"https:\/\/www.europesays.com\/pt\/wp-json\/wp\/v2\/media\/67532"}],"wp:attachment":[{"href":"https:\/\/www.europesays.com\/pt\/wp-json\/wp\/v2\/media?parent=67531"}],"wp:term":[{"taxonomy":"category","embeddable":true,"href":"https:\/\/www.europesays.com\/pt\/wp-json\/wp\/v2\/categories?post=67531"},{"taxonomy":"post_tag","embeddable":true,"href":"https:\/\/www.europesays.com\/pt\/wp-json\/wp\/v2\/tags?post=67531"}],"curies":[{"name":"wp","href":"https:\/\/api.w.org\/{rel}","templated":true}]}}