{"id":67541,"date":"2025-09-11T19:58:18","date_gmt":"2025-09-11T19:58:18","guid":{"rendered":"https:\/\/www.europesays.com\/pt\/67541\/"},"modified":"2025-09-11T19:58:18","modified_gmt":"2025-09-11T19:58:18","slug":"irmaos-julio-andrade-e-ravel-andrade-choram-ao-falar-da-ligacao-que-possuem","status":"publish","type":"post","link":"https:\/\/www.europesays.com\/pt\/67541\/","title":{"rendered":"Irm\u00e3os, Julio Andrade e Ravel Andrade choram ao falar da liga\u00e7\u00e3o que possuem"},"content":{"rendered":"<p>Irm\u00e3os, <a href=\"https:\/\/natelinha.uol.com.br\/famosos\/tudo-sobre\/julio-andrade\" rel=\"nofollow noopener\" target=\"_blank\">Julio Andrade<\/a>, 48, e Ravel Andrade, 31, participaram do Conversa com Bial da \u00faltima quarta-feira (10) e\u00a0se emocionaram ao falar da profundidade da rela\u00e7\u00e3o que constru\u00edram\u00a0&#8211; a diferen\u00e7a de idade entre eles \u00e9 de 17 anos.<\/p>\n<p>continua depois da publicidade<\/p>\n<p>&#8220;Ele deu uma for\u00e7ada de barra, porque minha m\u00e3e j\u00e1 tinha ligado as trompas e quando ela disse que estava gr\u00e1vida, foi uma surpresa geral. E a\u00ed foi muito louco, porque o Ravel n\u00e3o foi esperado, mas quando ele chegou, foi o mais amado. Ele era uma crian\u00e7a muito feliz&#8221;, contou Julio.<\/p>\n<p>+ <a href=\"https:\/\/natelinha.uol.com.br\/famosos\/2025\/09\/10\/gkay-abre-o-jogo-sobre-acerto-de-contas-com-tata-werneck-superacao-231134.php\" rel=\"nofollow noopener\" target=\"_blank\">Gkay abre o jogo sobre acerto de contas com Tat\u00e1 Werneck: &#8220;Supera\u00e7\u00e3o&#8221;<\/a><\/p>\n<p>+ <a href=\"https:\/\/natelinha.uol.com.br\/televisao\/2025\/09\/10\/tati-machado-quer-ajudar-gil-do-vigor-a-desencalhar-agora-eu-caso-231130.php\" rel=\"nofollow noopener\" target=\"_blank\">Tati Machado quer ajudar Gil do Vigor a desencalhar: &#8220;Agora eu caso&#8221;<\/a><\/p>\n<p>&#8220;Senti essa transi\u00e7\u00e3o quando o meu irm\u00e3o virou o meu grande amigo. Quando a gente conseguia conversar sobre as coisas que ele estava passando e eu tamb\u00e9m&#8221;, disse Ravel. &#8220;Eu e esse cara, a gente tem uma rela\u00e7\u00e3o muito massa, porque a gente nunca brigou, a gente nunca levantou a voz um para o outro&#8221;, destacou o irm\u00e3o mais velho.<\/p>\n<p>continua depois da publicidade<\/p>\n<p>O ca\u00e7ula lembrou de quando revelou que gostaria de ser ator. &#8220;Eu fui morar em Portugal com os meus pais e eu criei essa dist\u00e2ncia muito grande do meu irm\u00e3o, que sempre foi um cara presente. E ele quando se tornava presente, em finais de semana, ou em algum momento, ele trazia o circo, a arte. Ent\u00e3o ele era um cara que eu esperava muito&#8221;,\u00a0confidenciou <a href=\"https:\/\/natelinha.uol.com.br\/famosos\/tudo-sobre\/ravel-andrade\" rel=\"nofollow noopener\" target=\"_blank\">Ravel Andrade<\/a>, emocionado.<\/p>\n<p>&#8220;A gente combinou que n\u00e3o ia chorar. Somos muito chor\u00f5es&#8221;,\u00a0admitiu Julio Andrade. &#8220;Foi lindo [a escolha dele]. Imagina como bateu em mim isso a\u00ed?! A\u00ed eu falei: &#8216;Cara, deixa com o mano'&#8221;, completou.<\/p>\n<p>continua depois da publicidade<\/p>\n<p>Julio Andrade e Ravel Andrade falam sobre parceria<\/p>\n<p><img decoding=\"async\" loading=\"lazy\" class=\"horizontal\" src=\"https:\/\/www.europesays.com\/pt\/wp-content\/uploads\/2025\/09\/julio-andrade-ravel-andrade_5118.jpeg\" alt=\"Irm\u00e3os, Julio Andrade e Ravel Andrade choram ao falar da liga\u00e7\u00e3o que possuem\"\/><\/p>\n<p>No papo com Pedro Bial, Ravel Andrade\u00a0resgatou um per\u00edodo pessoal dif\u00edcil, quando, rec\u00e9m-sa\u00eddo de uma rela\u00e7\u00e3o, pediu abrigo a um amigo e levou todas as suas coisas dentro do carro, que acabou roubado.<\/p>\n<p>&#8220;Tinha meu viol\u00e3o, a guitarra e quando estava entrando com a \u00faltima caixa, o meu amigo avisou que tinham acabado de roubar o carro. S\u00f3 fiquei com um shortinho que eu estava. Nem camiseta eu tinha, porque tinha tirado e colocado dentro do carro. Foi um baque para mim&#8221;, revelou o ator.<\/p>\n<p>continua depois da publicidade<\/p>\n<p>O universo, por\u00e9m, atuou a favor dos dois. Junior Andrade lembrou que estava se preparando para fazer um filme.\u00a0&#8220;Vou fazer a hist\u00f3ria do Paulo Coelho e est\u00e3o precisando de um Paulo Coelho mais jovem que seja parecido comigo&#8221;, relatou.<\/p>\n<p>&#8220;Quando ele chegou em S\u00e3o Paulo n\u00e3o tinha nada! Eu peguei uma mala, coloquei tr\u00eas cuecas minhas, tr\u00eas camisetas, uma cal\u00e7a e juntei umas coisinhas que eu tinha velhas. Falei: &#8216;\u00d3, \u00e9 a tua mala para o teu come\u00e7o de vida. Voc\u00ea n\u00e3o vai voltar daqui, bicho. Voc\u00ea vai ficar aqui. E ele est\u00e1 hoje aqui, casado, com filha&#8221;, comemorou o irm\u00e3o mais velho.<\/p>\n<p>continua depois da publicidade<\/p>\n","protected":false},"excerpt":{"rendered":"Irm\u00e3os, Julio Andrade, 48, e Ravel Andrade, 31, participaram do Conversa com Bial da \u00faltima quarta-feira (10) e\u00a0se&hellip;\n","protected":false},"author":2,"featured_media":67542,"comment_status":"","ping_status":"","sticky":false,"template":"","format":"standard","meta":{"footnotes":""},"categories":[145],"tags":[211,210,114,115,18427,32,33,18428],"class_list":{"0":"post-67541","1":"post","2":"type-post","3":"status-publish","4":"format-standard","5":"has-post-thumbnail","7":"category-celebridades","8":"tag-celebridades","9":"tag-celebrities","10":"tag-entertainment","11":"tag-entretenimento","12":"tag-julio-andrade","13":"tag-portugal","14":"tag-pt","15":"tag-ravel-andrade"},"share_on_mastodon":{"url":"","error":""},"_links":{"self":[{"href":"https:\/\/www.europesays.com\/pt\/wp-json\/wp\/v2\/posts\/67541","targetHints":{"allow":["GET"]}}],"collection":[{"href":"https:\/\/www.europesays.com\/pt\/wp-json\/wp\/v2\/posts"}],"about":[{"href":"https:\/\/www.europesays.com\/pt\/wp-json\/wp\/v2\/types\/post"}],"author":[{"embeddable":true,"href":"https:\/\/www.europesays.com\/pt\/wp-json\/wp\/v2\/users\/2"}],"replies":[{"embeddable":true,"href":"https:\/\/www.europesays.com\/pt\/wp-json\/wp\/v2\/comments?post=67541"}],"version-history":[{"count":0,"href":"https:\/\/www.europesays.com\/pt\/wp-json\/wp\/v2\/posts\/67541\/revisions"}],"wp:featuredmedia":[{"embeddable":true,"href":"https:\/\/www.europesays.com\/pt\/wp-json\/wp\/v2\/media\/67542"}],"wp:attachment":[{"href":"https:\/\/www.europesays.com\/pt\/wp-json\/wp\/v2\/media?parent=67541"}],"wp:term":[{"taxonomy":"category","embeddable":true,"href":"https:\/\/www.europesays.com\/pt\/wp-json\/wp\/v2\/categories?post=67541"},{"taxonomy":"post_tag","embeddable":true,"href":"https:\/\/www.europesays.com\/pt\/wp-json\/wp\/v2\/tags?post=67541"}],"curies":[{"name":"wp","href":"https:\/\/api.w.org\/{rel}","templated":true}]}}