{"id":67543,"date":"2025-09-11T20:01:23","date_gmt":"2025-09-11T20:01:23","guid":{"rendered":"https:\/\/www.europesays.com\/pt\/67543\/"},"modified":"2025-09-11T20:01:23","modified_gmt":"2025-09-11T20:01:23","slug":"maria-cerqueira-gomes-revela-que-finalista-do-big-brother-verao-apoia-acho-muito-queridinha-tvi-2","status":"publish","type":"post","link":"https:\/\/www.europesays.com\/pt\/67543\/","title":{"rendered":"Maria Cerqueira Gomes revela que finalista do Big Brother Ver\u00e3o apoia: \u00abAcho muito queridinha\u00bb &#8211; TVI"},"content":{"rendered":"<ol>\n<li><a href=\"https:\/\/news.google.com\/rss\/articles\/CBMi5wFBVV95cUxOYzVaX1NtZ19pYjhhUzZxejVhSlo4TnRKcG1oQkQyMGN0QTFRRnJRc0tGNHd6OENoMXR3SlJGM2kxS2pEMXRUQ01pNnQ4SFdJRmpMcU5Ra0VfRnp6ZExRMHlMYWZEUHU0bGpkMjUzZnV6TWdBQnBUR1ZhNEdQVXY2eGFkaXlja3pJM2JtV09MMXNhU2o3YTNEV0xkdW54Q2RSMXJOaUZSYVlXSGV1YVRkUVZVRHBBUEJfdHl6cG5hWnpVWVUxQnh3THhlQ0xRblllcEhQNldZR1VMbDlGMWdQWUhHNjZNZXc?oc=5\" target=\"_blank\" rel=\"nofollow noopener\">Maria Cerqueira Gomes revela que finalista do Big Brother Ver\u00e3o apoia: \u00abAcho muito queridinha\u00bb<\/a>&nbsp;&nbsp;TVI<\/li>\n<li><a href=\"https:\/\/news.google.com\/rss\/articles\/CBMi7AFBVV95cUxOTkc2VEV6cG5yUjY2bkpaZ3JpcUd3QXMyN3RXWG5sMnh5c1otOUk2OWlGSEdBV0E4em5IZmNfSXVGUG1GeVFVUFhHejFITFlWRjY3YXhEcUZGNDc4c3otMk9tbUJiQnJ4ZmkwZlZOTmdXaTZabldNOXZPcWRvc0l3aGdvU2xZUkl5VGppZlRGeHB4Z0F6dk0wZ05wbTAzbDhiRnJ6TmtYcjNLdF9UaE5hZldNY0dsTXkzUk8wU2c5d2dNZ1dOWTRmb0ZwNUNMeXNxTkx6T0tPci11NXFtQkN6SmI0TVJCSkJJN2FJSQ?oc=5\" target=\"_blank\" rel=\"nofollow noopener\">J\u00e9ssica tirava Afonso da casa para p\u00f4r o mais inesperado dos ex-concorrentes. E o verniz estala<\/a>&nbsp;&nbsp;TVI<\/li>\n<li><a href=\"https:\/\/news.google.com\/rss\/articles\/CBMijwFBVV95cUxQZXV2Vjl6R0s2aC0ybEZTSmRWZnl6REZIWXo4a2VxOUlLTHBDTjQ4TXRKUWt3X1prOGMwTm1GWDFoTWFqalB3cWlCRVN1TXFXYV9waEx1Qk9pSm1wNGZNTnY4RjAxb1dRbzF0MUhBVVpldGI4bkxkZy15YU9RSjVHTUN1bk1nQk9LM3oydlBTZw?oc=5\" target=\"_blank\" rel=\"nofollow noopener\">Big Brother. Catarina Miranda abre o cora\u00e7\u00e3o\u2026 \u00e0 mesa com um polvo<\/a>&nbsp;&nbsp;Dioguinho<\/li>\n<li><a href=\"https:\/\/news.google.com\/rss\/articles\/CBMi1gFBVV95cUxNRGdYUE5FZ0ZCckpnMTE2ai1mVkJDUldMdmsyVGhCakZhNEhXMnR0VjJGcVc5MkhfWjdiWnItdmt5YklZdXF6dmlSazlYMTlaRHJwYnc5V05MZmZqTC1qTGN4X1VtSHhQdVdEN3pCZmRfUURqRmZ6anI0TkdnblRZTFFXU01NakxTaDhKdjRiaF9hTmN2aXpKTUZrZVV5WlNJanZZR3BiNFRHUXVVLXFpUnNUaGYtZk9mcnctZ2R5Zm5DajFxMnVJRFBMZmhJWGdLRkdpa1NR?oc=5\" target=\"_blank\" rel=\"nofollow noopener\">Marta Cruz apela \u00e0 vit\u00f3ria de Catarina Miranda: &#8220;Leva este jogo at\u00e9 ao fim. A Catarina foi o &#8216;Big Brother Ver\u00e3o'&#8221;<\/a>&nbsp;&nbsp;A Televis\u00e3o<\/li>\n<li><a href=\"https:\/\/news.google.com\/rss\/articles\/CBMisgFBVV95cUxQRFk5Qm1uN05IeVdBZzJyQzhfTkpkRUktZmQzcXIySGh1TGM2bUNlRHlUQVUyQUl6cnZYR25LZGpxNnZReFdvaVQwbGkyaDFzMWN1aDlsUHdrTVRmMk1rdHFFM05WMHFWdXhXYTl2ZmVaalMwY0I4ZUJPVzIzaVBtVWQ5ZFRBSWZYOHJkT2hfVWFiSXJPRm1CanNFZDNxb0RIWlVJYkkza0hpQTVMVUtIZFRR?oc=5\" target=\"_blank\" rel=\"nofollow noopener\">Big Brother: Cl\u00e1udio Ramos assume que n\u00e3o suporta Catarina Miranda e revela quem devia vencer<\/a>&nbsp;&nbsp;infocul.pt<\/li>\n<\/ol>\n","protected":false},"excerpt":{"rendered":"Maria Cerqueira Gomes revela que finalista do Big Brother Ver\u00e3o apoia: \u00abAcho muito queridinha\u00bb&nbsp;&nbsp;TVI J\u00e9ssica tirava Afonso da&hellip;\n","protected":false},"author":2,"featured_media":67544,"comment_status":"","ping_status":"","sticky":false,"template":"","format":"standard","meta":{"footnotes":""},"categories":[142],"tags":[331,48,329,333,328,335,166,336,114,115,334,332,330,18318,13,32,33,151,162,227],"class_list":{"0":"post-67543","1":"post","2":"type-post","3":"status-publish","4":"format-standard","5":"has-post-thumbnail","7":"category-tv","8":"tag-big","9":"tag-big-brother","10":"tag-claudio-ramos","11":"tag-comentadores","12":"tag-concorrentes","13":"tag-confrontos","14":"tag-cristina-ferreira","15":"tag-discussoes","16":"tag-entertainment","17":"tag-entretenimento","18":"tag-exclusivos","19":"tag-expulso","20":"tag-gala","21":"tag-maria-cerqueira-gomes","22":"tag-noticias","23":"tag-portugal","24":"tag-pt","25":"tag-tv","26":"tag-tvi","27":"tag-videos"},"share_on_mastodon":{"url":"","error":""},"_links":{"self":[{"href":"https:\/\/www.europesays.com\/pt\/wp-json\/wp\/v2\/posts\/67543","targetHints":{"allow":["GET"]}}],"collection":[{"href":"https:\/\/www.europesays.com\/pt\/wp-json\/wp\/v2\/posts"}],"about":[{"href":"https:\/\/www.europesays.com\/pt\/wp-json\/wp\/v2\/types\/post"}],"author":[{"embeddable":true,"href":"https:\/\/www.europesays.com\/pt\/wp-json\/wp\/v2\/users\/2"}],"replies":[{"embeddable":true,"href":"https:\/\/www.europesays.com\/pt\/wp-json\/wp\/v2\/comments?post=67543"}],"version-history":[{"count":0,"href":"https:\/\/www.europesays.com\/pt\/wp-json\/wp\/v2\/posts\/67543\/revisions"}],"wp:featuredmedia":[{"embeddable":true,"href":"https:\/\/www.europesays.com\/pt\/wp-json\/wp\/v2\/media\/67544"}],"wp:attachment":[{"href":"https:\/\/www.europesays.com\/pt\/wp-json\/wp\/v2\/media?parent=67543"}],"wp:term":[{"taxonomy":"category","embeddable":true,"href":"https:\/\/www.europesays.com\/pt\/wp-json\/wp\/v2\/categories?post=67543"},{"taxonomy":"post_tag","embeddable":true,"href":"https:\/\/www.europesays.com\/pt\/wp-json\/wp\/v2\/tags?post=67543"}],"curies":[{"name":"wp","href":"https:\/\/api.w.org\/{rel}","templated":true}]}}