{"id":67545,"date":"2025-09-11T20:03:11","date_gmt":"2025-09-11T20:03:11","guid":{"rendered":"https:\/\/www.europesays.com\/pt\/67545\/"},"modified":"2025-09-11T20:03:11","modified_gmt":"2025-09-11T20:03:11","slug":"demon-slayer-kimetsu-no-yaiba","status":"publish","type":"post","link":"https:\/\/www.europesays.com\/pt\/67545\/","title":{"rendered":"Demon Slayer: Kimetsu no Yaiba"},"content":{"rendered":"<p>A espera terminou e <a href=\"https:\/\/br.ign.com\/demon-slayer\" target=\"_blank\" rel=\"nofollow noopener\">Demon Slayer: Kimetsu no Yaiba<\/a> \u2014 <a href=\"https:\/\/br.ign.com\/demon-slayer\/145776\/feature\/6-motivos-para-ver-demon-slayer-castelo-infinito-nos-cinemas\" target=\"_blank\" rel=\"nofollow noopener\">Castelo Infinito chega aos cinemas brasileiros nesta quinta-feira (11)<\/a>. O come\u00e7o do fim da jornada de Tanjiro Kamado conta com grandes lutas contra as <a href=\"https:\/\/br.ign.com\/demon-slayer\/108368\/feature\/demon-slayer-conheca-todas-as-maleficas-luas-superiores\" target=\"_blank\" rel=\"nofollow noopener\">tem\u00edveis Luas Superiores<\/a> e momentos muito emocionantes ao longo das 2h30min de filme. Mas ser\u00e1 que teremos a agora tradicional cena p\u00f3s-cr\u00e9ditos? Abaixo, o <strong>IGN Brasil<\/strong> responde essa quest\u00e3o.<\/p>\n<p><strong>Aten\u00e7\u00e3o!!! Pequenos spoilers de Demon Slayer: Kimetsu no Yaiba &#8211; Castelo Infinito<\/strong><\/p>\n<p>Logo de cara respondemos que n\u00e3o, o <strong>Castelo Infinito n\u00e3o tem cena p\u00f3s-cr\u00e9ditos<\/strong>. Ap\u00f3s o combate de Shinobu Kocho, a Hashira do Inseto contra Douma, a Lua Superior Dois; Zenitsu contra Kaigaku, a Lua Superior Seis; e Tanjiro e Giyu Tomioka, o Hashira da \u00c1gua, contra Akasa, a Lua Superior Tr\u00eas, chegamos ao encerramento do filme que nos d\u00e1 uma pr\u00e9via do que esperar na continua\u00e7\u00e3o que finalmente mostrar\u00e1 Kokushibo, a Lua Superior Um contra os Hashiras, e Douma contra Kanao, a disc\u00edpula de Shinobu. Por\u00e9m, ap\u00f3s esse vislumbre do que est\u00e1 por vir, o filme se encerra sem uma cena p\u00f3s-cr\u00e9ditos.<\/p>\n<p>Ainda n\u00e3o temos nenhuma informa\u00e7\u00e3o sobre a continua\u00e7\u00e3o do arco do Castelo Infinito, mas devemos tomar conhecimento dessas informa\u00e7\u00f5es at\u00e9 o final do ano.<\/p>\n<p>Inscreva-se no canal do <strong>IGN Brasil <\/strong>no <a href=\"https:\/\/www.youtube.com\/c\/ignbrasil\" rel=\"noopener nofollow\" target=\"_blank\">YouTube<\/a> e visite as nossas p\u00e1ginas no <a href=\"https:\/\/www.facebook.com\/ignbrasil\/\" rel=\"noopener nofollow\" target=\"_blank\">Facebook<\/a>, <a href=\"https:\/\/twitter.com\/IGNBrasil\" rel=\"noopener nofollow\" target=\"_blank\">Twitter<\/a>, <a href=\"https:\/\/www.instagram.com\/ignbrasil\/\" rel=\"noopener nofollow\" target=\"_blank\">Instagram<\/a> e <a href=\"https:\/\/www.twitch.tv\/ignbrasil\" rel=\"noopener nofollow\" target=\"_blank\">Twitch<\/a>! | Siga Vitor Concei\u00e7\u00e3o no <a href=\"https:\/\/www.instagram.com\/ibowievitu\/\" rel=\"noopener nofollow\" target=\"_blank\">Instagram<\/a> e <a href=\"https:\/\/twitter.com\/ibowievitu\" rel=\"noopener nofollow\" target=\"_blank\">Twitter<\/a>.<\/p>\n<p>                <script async src=\"https:\/\/platform.twitter.com\/widgets.js\" charset=\"utf-8\"><\/script><script async src=\"\/\/www.instagram.com\/embed.js\"><\/script><\/p>\n","protected":false},"excerpt":{"rendered":"A espera terminou e Demon Slayer: Kimetsu no Yaiba \u2014 Castelo Infinito chega aos cinemas brasileiros nesta quinta-feira&hellip;\n","protected":false},"author":2,"featured_media":67546,"comment_status":"","ping_status":"","sticky":false,"template":"","format":"standard","meta":{"footnotes":""},"categories":[140],"tags":[114,115,147,148,146,32,33],"class_list":{"0":"post-67545","1":"post","2":"type-post","3":"status-publish","4":"format-standard","5":"has-post-thumbnail","7":"category-filmes","8":"tag-entertainment","9":"tag-entretenimento","10":"tag-film","11":"tag-filmes","12":"tag-movies","13":"tag-portugal","14":"tag-pt"},"share_on_mastodon":{"url":"","error":""},"_links":{"self":[{"href":"https:\/\/www.europesays.com\/pt\/wp-json\/wp\/v2\/posts\/67545","targetHints":{"allow":["GET"]}}],"collection":[{"href":"https:\/\/www.europesays.com\/pt\/wp-json\/wp\/v2\/posts"}],"about":[{"href":"https:\/\/www.europesays.com\/pt\/wp-json\/wp\/v2\/types\/post"}],"author":[{"embeddable":true,"href":"https:\/\/www.europesays.com\/pt\/wp-json\/wp\/v2\/users\/2"}],"replies":[{"embeddable":true,"href":"https:\/\/www.europesays.com\/pt\/wp-json\/wp\/v2\/comments?post=67545"}],"version-history":[{"count":0,"href":"https:\/\/www.europesays.com\/pt\/wp-json\/wp\/v2\/posts\/67545\/revisions"}],"wp:featuredmedia":[{"embeddable":true,"href":"https:\/\/www.europesays.com\/pt\/wp-json\/wp\/v2\/media\/67546"}],"wp:attachment":[{"href":"https:\/\/www.europesays.com\/pt\/wp-json\/wp\/v2\/media?parent=67545"}],"wp:term":[{"taxonomy":"category","embeddable":true,"href":"https:\/\/www.europesays.com\/pt\/wp-json\/wp\/v2\/categories?post=67545"},{"taxonomy":"post_tag","embeddable":true,"href":"https:\/\/www.europesays.com\/pt\/wp-json\/wp\/v2\/tags?post=67545"}],"curies":[{"name":"wp","href":"https:\/\/api.w.org\/{rel}","templated":true}]}}