{"id":67552,"date":"2025-09-11T20:10:39","date_gmt":"2025-09-11T20:10:39","guid":{"rendered":"https:\/\/www.europesays.com\/pt\/67552\/"},"modified":"2025-09-11T20:10:39","modified_gmt":"2025-09-11T20:10:39","slug":"gouveia-e-melo-mendes-seguro-e-cotrim-o-que-une-e-separa-estes-quatro-candidatos-a-belem","status":"publish","type":"post","link":"https:\/\/www.europesays.com\/pt\/67552\/","title":{"rendered":"Gouveia e Melo, Mendes, Seguro e Cotrim: o que une e separa estes quatro candidatos a Bel\u00e9m?"},"content":{"rendered":"<p>Durante dois dias, Henrique Gouveia e Melo, Lu\u00eds Marques Mendes, Ant\u00f3nio Jos\u00e9 Seguro e Jo\u00e3o Cotrim Figueiredo responderam a dezenas de quest\u00f5es de jovens no \u201cCampus da Liberdade\u201d, em Peniche. Dos poderes presidenciais \u00e0 revis\u00e3o constitucional, passando pela descentraliza\u00e7\u00e3o, \u00e0s rela\u00e7\u00f5es com os pa\u00edses da CPLP e um eventual Governo do Chega, os candidatos a Bel\u00e9m mostraram pontos em comum, mas tamb\u00e9m v\u00e1rias diferen\u00e7as.<\/p>\n<p><a href=\"https:\/\/expresso.pt\/subscrever\/?action=GEN&amp;channel=BAF&amp;type=CAP&amp;source=WEB&amp;returnUrl=https:\/\/expresso.pt\/politica\/eleicoes\/presidenciais\/2025-09-11-gouveia-e-melo-mendes-seguro-e-cotrim-o-que-une-e-separa-estes-quatro-candidatos-a-belem--8711d93c&amp;utm_source=expresso&amp;utm_medium=locked_article&amp;locked=true&amp;article_id=a755e906-1954-4ccf-af48-ca2fc78bf684&amp;author_id=Liliana+Coelho&amp;category=Presidenciais+2026\" target=\"_self\" class=\"\" rel=\"nofollow noopener\">Subscrever<\/a>J\u00e1 \u00e9 Subscritor?Fa\u00e7a login e continue a ler<a href=\"http:\/\/expresso.pt\/codigo?redirectUrl=https:\/\/expresso.pt\/politica\/eleicoes\/presidenciais\/2025-09-11-gouveia-e-melo-mendes-seguro-e-cotrim-o-que-une-e-separa-estes-quatro-candidatos-a-belem--8711d93c\" target=\"_self\" class=\"\" rel=\"nofollow noopener\">Inserir C\u00f3digo<\/a>Comprou o Expresso?Insira o c\u00f3digo presente na Revista E para continuar a ler<\/p>\n","protected":false},"excerpt":{"rendered":"Durante dois dias, Henrique Gouveia e Melo, Lu\u00eds Marques Mendes, Ant\u00f3nio Jos\u00e9 Seguro e Jo\u00e3o Cotrim Figueiredo responderam&hellip;\n","protected":false},"author":2,"featured_media":67553,"comment_status":"","ping_status":"","sticky":false,"template":"","format":"standard","meta":{"footnotes":""},"categories":[10],"tags":[27,28,15,16,14,25,26,21,22,12,13,19,20,32,23,24,33,17,18,29,30,31],"class_list":{"0":"post-67552","1":"post","2":"type-post","3":"status-publish","4":"format-standard","5":"has-post-thumbnail","7":"category-portugal","8":"tag-breaking-news","9":"tag-breakingnews","10":"tag-featured-news","11":"tag-featurednews","12":"tag-headlines","13":"tag-latest-news","14":"tag-latestnews","15":"tag-main-news","16":"tag-mainnews","17":"tag-news","18":"tag-noticias","19":"tag-noticias-principais","20":"tag-noticiasprincipais","21":"tag-portugal","22":"tag-principais-noticias","23":"tag-principaisnoticias","24":"tag-pt","25":"tag-top-stories","26":"tag-topstories","27":"tag-ultimas","28":"tag-ultimas-noticias","29":"tag-ultimasnoticias"},"share_on_mastodon":{"url":"","error":""},"_links":{"self":[{"href":"https:\/\/www.europesays.com\/pt\/wp-json\/wp\/v2\/posts\/67552","targetHints":{"allow":["GET"]}}],"collection":[{"href":"https:\/\/www.europesays.com\/pt\/wp-json\/wp\/v2\/posts"}],"about":[{"href":"https:\/\/www.europesays.com\/pt\/wp-json\/wp\/v2\/types\/post"}],"author":[{"embeddable":true,"href":"https:\/\/www.europesays.com\/pt\/wp-json\/wp\/v2\/users\/2"}],"replies":[{"embeddable":true,"href":"https:\/\/www.europesays.com\/pt\/wp-json\/wp\/v2\/comments?post=67552"}],"version-history":[{"count":0,"href":"https:\/\/www.europesays.com\/pt\/wp-json\/wp\/v2\/posts\/67552\/revisions"}],"wp:featuredmedia":[{"embeddable":true,"href":"https:\/\/www.europesays.com\/pt\/wp-json\/wp\/v2\/media\/67553"}],"wp:attachment":[{"href":"https:\/\/www.europesays.com\/pt\/wp-json\/wp\/v2\/media?parent=67552"}],"wp:term":[{"taxonomy":"category","embeddable":true,"href":"https:\/\/www.europesays.com\/pt\/wp-json\/wp\/v2\/categories?post=67552"},{"taxonomy":"post_tag","embeddable":true,"href":"https:\/\/www.europesays.com\/pt\/wp-json\/wp\/v2\/tags?post=67552"}],"curies":[{"name":"wp","href":"https:\/\/api.w.org\/{rel}","templated":true}]}}