{"id":67554,"date":"2025-09-11T20:12:15","date_gmt":"2025-09-11T20:12:15","guid":{"rendered":"https:\/\/www.europesays.com\/pt\/67554\/"},"modified":"2025-09-11T20:12:15","modified_gmt":"2025-09-11T20:12:15","slug":"song-joong-ki-e-chun-woo-hee-vivem-momentos-fofos-em-imagens-ineditas-de-my-youth","status":"publish","type":"post","link":"https:\/\/www.europesays.com\/pt\/67554\/","title":{"rendered":"Song Joong Ki e Chun Woo Hee vivem momentos fofos em imagens in\u00e9ditas de &#8216;My Youth&#8217;"},"content":{"rendered":"<p>Nesta quinta-feira, 11, o novo <a href=\"https:\/\/recreio.com.br\/tags\/dorama\" target=\"_blank\" rel=\"noopener nofollow\">dorama<\/a> de romance da JTBC, \u2018My Youth\u2019 ganhou novas imagens de Sun Woo Hae e Sung Je Yeon, personagens vividos por <a href=\"https:\/\/www.instagram.com\/hi_songjoongki\/\" target=\"_blank\" rel=\"noopener nofollow\"><strong>Song Joong Ki<\/strong> <\/a>(\u2018Vincenzo\u2019) e <a href=\"https:\/\/en.wikipedia.org\/wiki\/Chun_Woo-hee\" target=\"_blank\" rel=\"noopener nofollow\"><strong>Chun Woo Hee<\/strong><\/a> (Doce Engano), respectivamente.<\/p>\n<p>Nos registros, \u00e9 poss\u00edvel ver alguns encontros do casal na floricultura de Woo Hae, e em uma delas h\u00e1 ainda um momento curioso: um abra\u00e7o inesperado de Sung Je Yeon, que envolve os bra\u00e7os ao redor de Woo Hae por tr\u00e1s, deixando o protagonista paralisado; veja:<\/p>\n<p> <img decoding=\"async\" src=\"https:\/\/www.europesays.com\/pt\/wp-content\/uploads\/2025\/09\/My-Youth-4_capa.jpg\" class=\"img-fluid lazy\"\/><\/p>\n<p>Cena de \u2018My Youth \u2013 Reprodu\u00e7\u00e3o\/JTBC<\/p>\n<p>    <img decoding=\"async\" src=\"https:\/\/www.europesays.com\/pt\/wp-content\/uploads\/2025\/09\/My-Youth-3_capa.jpg\" class=\"img-fluid lazy\"\/><\/p>\n<p>Cena de \u2018My Youth \u2013 Reprodu\u00e7\u00e3o\/JTBC<\/p>\n<p>    <img decoding=\"async\" src=\"https:\/\/www.europesays.com\/pt\/wp-content\/uploads\/2025\/09\/My-Youth-2_capa.jpg\" class=\"img-fluid lazy\"\/><\/p>\n<p>Cena de \u2018My Youth \u2013 Reprodu\u00e7\u00e3o\/JTBC<\/p>\n<p>    <img decoding=\"async\" src=\"https:\/\/www.europesays.com\/pt\/wp-content\/uploads\/2025\/09\/My-Youth-1_capa.jpg\" class=\"img-fluid lazy\"\/><\/p>\n<p>Cena de \u2018My Youth \u2013 Reprodu\u00e7\u00e3o\/JTBC<\/p>\n<p>                        Previous<\/p>\n<p>                        Next<br \/>\n                     Mais sobre \u2018My Youth\u2019 <\/p>\n<p>Na trama, Sun Woo Hae \u00e9 um ex-ator e escritor que come\u00e7ou a carreira ainda na inf\u00e2ncia, mas, cansado da vida agitada dos holofotes, escolhe mudar completamente de profiss\u00e3o ao assumir a administra\u00e7\u00e3o de uma floricultura. No entanto, ap\u00f3s um tempo, o destino o surpreende ao fazer com que ele reencontre algu\u00e9m do seu passado 15 anos depois.<\/p>\n<p>Quem volta para a vida de Woo Hae \u00e9 Sung Je Yeon, uma executiva de sucesso que administra uma ag\u00eancia de talentos, mas que se conecta ao ex-ator devido a um sentimento antigo, j\u00e1 que ele foi o primeiro amor dela. Ainda assim, a motiva\u00e7\u00e3o que a fez a retornar ap\u00f3s tanto tempo n\u00e3o \u00e9 nada passional, visto que ela deseja tir\u00e1-lo da vida pacata com um \u00fanico objetivo: ascender profissionalmente, j\u00e1 que ela tem como objetivo gravar um document\u00e1rio sobre ele.<\/p>\n<p>Apesar disso, enquanto as vidas profissionais que levam os fazem retomar contato, eles embarcam em uma jornada que trar\u00e1 o passado para o presente e ajudar\u00e1 a solucionar as desilus\u00f5es amorosas antigas que transformar\u00e3o o futuro dos dois.<\/p>\n<p>Os dois primeiros epis\u00f3dios de \u201cMy Youth\u201d foram ao ar em 5 de setembro e mais dois devem ser lan\u00e7ados na pr\u00f3xima sexta-feira, 12 de setembro. Al\u00e9m da TV, os cap\u00edtulos s\u00e3o disponibilizados tamb\u00e9m na plataforma de streaming <a href=\"https:\/\/www.viki.com\/tv\/41226c-my-youth\" target=\"_blank\" rel=\"noopener nofollow\">Rakuten Viki<\/a>.<\/p>\n<p>        <a href=\"https:\/\/recreio.com.br\/noticias\/author\/izabela-queiroz\" rel=\"nofollow noopener\" target=\"_blank\">&#13;<br \/>\n          <img loading=\"lazy\" alt=\"Izabela Queiroz\" src=\"https:\/\/www.europesays.com\/pt\/wp-content\/uploads\/2025\/09\/1757621535_782_73c0b9c1056486c3f0ac887fc031213cdd608512c3b419d28e1ba5da81c3eb12\"  class=\"avatar avatar-115 photo rounded-circle mr-3\" height=\"115\" width=\"115\" decoding=\"async\"\/>        <\/a><\/p>\n<p>Cin\u00e9fila e jornalista, Izabela Queiroz \u00e9 formada pela UNINOVE. Gosta de escrever sobre filmes, s\u00e9ries e m\u00fasica e nunca deixa de lado a paix\u00e3o por tramas repletas de plot twists, al\u00e9m de ser viciada em sitcoms, marvete sempre que pode e crente fiel da Teoria Pixar.<\/p>\n<p>\t                                            <script async src=\"\/\/www.instagram.com\/embed.js\"><\/script><\/p>\n","protected":false},"excerpt":{"rendered":"Nesta quinta-feira, 11, o novo dorama de romance da JTBC, \u2018My Youth\u2019 ganhou novas imagens de Sun Woo&hellip;\n","protected":false},"author":2,"featured_media":67555,"comment_status":"","ping_status":"","sticky":false,"template":"","format":"standard","meta":{"footnotes":""},"categories":[145],"tags":[211,210,18434,2081,114,115,3091,18435,32,33,18436],"class_list":{"0":"post-67554","1":"post","2":"type-post","3":"status-publish","4":"format-standard","5":"has-post-thumbnail","7":"category-celebridades","8":"tag-celebridades","9":"tag-celebrities","10":"tag-chun-woo-hee","11":"tag-dorama","12":"tag-entertainment","13":"tag-entretenimento","14":"tag-k-drama","15":"tag-my-youth","16":"tag-portugal","17":"tag-pt","18":"tag-song-joong-ki"},"share_on_mastodon":{"url":"","error":""},"_links":{"self":[{"href":"https:\/\/www.europesays.com\/pt\/wp-json\/wp\/v2\/posts\/67554","targetHints":{"allow":["GET"]}}],"collection":[{"href":"https:\/\/www.europesays.com\/pt\/wp-json\/wp\/v2\/posts"}],"about":[{"href":"https:\/\/www.europesays.com\/pt\/wp-json\/wp\/v2\/types\/post"}],"author":[{"embeddable":true,"href":"https:\/\/www.europesays.com\/pt\/wp-json\/wp\/v2\/users\/2"}],"replies":[{"embeddable":true,"href":"https:\/\/www.europesays.com\/pt\/wp-json\/wp\/v2\/comments?post=67554"}],"version-history":[{"count":0,"href":"https:\/\/www.europesays.com\/pt\/wp-json\/wp\/v2\/posts\/67554\/revisions"}],"wp:featuredmedia":[{"embeddable":true,"href":"https:\/\/www.europesays.com\/pt\/wp-json\/wp\/v2\/media\/67555"}],"wp:attachment":[{"href":"https:\/\/www.europesays.com\/pt\/wp-json\/wp\/v2\/media?parent=67554"}],"wp:term":[{"taxonomy":"category","embeddable":true,"href":"https:\/\/www.europesays.com\/pt\/wp-json\/wp\/v2\/categories?post=67554"},{"taxonomy":"post_tag","embeddable":true,"href":"https:\/\/www.europesays.com\/pt\/wp-json\/wp\/v2\/tags?post=67554"}],"curies":[{"name":"wp","href":"https:\/\/api.w.org\/{rel}","templated":true}]}}