{"id":67565,"date":"2025-09-11T20:27:48","date_gmt":"2025-09-11T20:27:48","guid":{"rendered":"https:\/\/www.europesays.com\/pt\/67565\/"},"modified":"2025-09-11T20:27:48","modified_gmt":"2025-09-11T20:27:48","slug":"vitor-escaria-ex-chefe-de-gabinete-de-costa-vai-liderar-instituto-superior-de-gestao","status":"publish","type":"post","link":"https:\/\/www.europesays.com\/pt\/67565\/","title":{"rendered":"V\u00edtor Esc\u00e1ria, ex-chefe de gabinete de Costa, vai liderar Instituto Superior de Gest\u00e3o"},"content":{"rendered":"<p><strong>V\u00edtor Esc\u00e1ria, antigo chefe do gabinete de Ant\u00f3nio Costa e arguido na opera\u00e7\u00e3o judicial que levou \u00e0 queda do Governo de Ant\u00f3nio Costa, \u00e9 o novo diretor do Instituto Superior de Gest\u00e3o.<\/strong><\/p>\n<p>O novo cargo foi anunciado esta ter\u00e7a-feira num comunicado da escola de gest\u00e3o do grupo Lus\u00f3fona partilhado tanto nas redes sociais quanto no site da institui\u00e7\u00e3o. A nota destaca a experi\u00eancia profissional de V\u00edtor Esc\u00e1ria no ensino e na economia, embora n\u00e3o refira o percurso pol\u00edtico deste, nomeadamente que, para al\u00e9m de chefe de gabinete de Ant\u00f3nio Costa, foi tamb\u00e9m assessor de Jos\u00e9 S\u00f3crates, agora <a href=\"https:\/\/sicnoticias.pt\/especiais\/operacao-marques\/2025-09-09-video-socrates-nega-ter-recebido-dinheiro-do-primo-pinto-de-sousa-e-usa-agenda-para-tentar-desmentir-o-mp-393f7177\" target=\"_blank\" rel=\"noreferrer noopener nofollow\">julgado no \u00e2mbito do processo Opera\u00e7\u00e3o Marqu\u00eas<\/a>.<\/p>\n<blockquote><p> &#8220;Doutorado em Economia na Universidade de York (Reino Unido), Mestre em Economia Monet\u00e1ria e Financeira e Licenciado em Economia no ISEG, \u00e9 autor de diversos artigos cient\u00edficos em revistas cient\u00edficas&#8221;, detalha o comunicado.  <\/p><\/blockquote>\n<p>Esta acrescenta que Esc\u00e1ria &#8220;supervisionou ainda diversas disserta\u00e7\u00f5es de mestrado e v\u00e1rias teses de doutoramento&#8221; tendo &#8220;como \u00e1reas de especializa\u00e7\u00e3o a economia do mercado de trabalho e a pol\u00edtica econ\u00f3mica&#8221;. <\/p>\n<p>75 mil euros em prateleira e a &#8216;pen&#8217; com dados de agentes das Secretas<\/p>\n<p>Recorde-se que Esc\u00e1ria foi detido em novembro de 2023, quando houve buscas em S\u00e3o Bento. Guardava mais de 75 mil euros em dinheiro numa prateleira do escrit\u00f3rio, na resid\u00eancia oficial do chefe de governo, resultando dessa descoberta a demiss\u00e3o por Ant\u00f3nio Costa e consequente queda do Governo socialista.<\/p>\n<p>Para al\u00e9m de arguido na Opera\u00e7\u00e3o Influencer, \u00e9 ainda arguido num outro inqu\u00e9rito por suspeitas de viola\u00e7\u00e3o de segredo de Estado. No gabinete de Vitor Esc\u00e1ria, foi encontrada, <a href=\"https:\/\/sicnoticias.pt\/pais\/2025-01-29-video-pen-com-dados-de-centenas-de-espioes-e-inspetores-encontrada-no-gabinete-de-vitor-escaria-52fff8b8\" target=\"_blank\" rel=\"noreferrer noopener nofollow\">no cofre do seu gabinete de trabalho, uma &#8216;pen-drive&#8217;<\/a> com a identifica\u00e7\u00e3o e outros dados pessoais de centenas de agentes do Servi\u00e7o de Informa\u00e7\u00e3o e Seguran\u00e7a (SIS), Servi\u00e7o de Informa\u00e7\u00f5es Estrat\u00e9gicas e Defesa (SIED), Pol\u00edcia Judici\u00e1ria (PJ) e Autoridade Tribut\u00e1ria (AT).<\/p>\n<p>Opera\u00e7\u00e3o levou \u00e0 queda do anterior Governo<\/p>\n<p>Na sequ\u00eancia das descobertas feitas em S\u00e3o Bento, o ent\u00e3o primeiro-ministro Ant\u00f3nio Costa apresentou a demiss\u00e3o ao Presidente da Rep\u00fablica no dia 7 de novembro de 2023, por causa de uma investiga\u00e7\u00e3o judicial sobre a instala\u00e7\u00e3o de um centro de dados em Sines e neg\u00f3cios de l\u00edtio e hidrog\u00e9nio.<\/p>\n<p>Os inqu\u00e9ritos-crime com origem na chamada Opera\u00e7\u00e3o Influencer envolvem o Centro de Dados de Sines, o investimento em l\u00edtio, o projeto de hidrog\u00e9nio e Ant\u00f3nio Costa que, apesar de suspeito, nunca foi constitu\u00eddo arguido.<\/p>\n<p>Na altura, a opera\u00e7\u00e3o levou \u00e0 deten\u00e7\u00e3o de V\u00edtor Esc\u00e1ria, Diogo Lacerda Machado (consultor e amigo de Ant\u00f3nio Costa), dos administradores da empresa Start Campus Afonso Salema e Rui Oliveira Neves, e do presidente da C\u00e2mara de Sines, Nuno Mascarenhas, que ficaram em liberdade ap\u00f3s interrogat\u00f3rio judicial.<\/p>\n<p>Juiz recusou devolver 75 mil euros <\/p>\n<p>O juiz de instru\u00e7\u00e3o criminal do processo Influencer recusou em mar\u00e7o devolver a V\u00edtor Esc\u00e1ria os 75 mil euros que foram apreendidos ao ent\u00e3o chefe de gabinete do ex-primeiro-ministro Ant\u00f3nio Costa. <\/p>\n<p>O advogado Tiago Rodrigues Bastos revelava \u00e0 data que j\u00e1 tinha recorrido para o Tribunal da Rela\u00e7\u00e3o de Lisboa da decis\u00e3o do Tribunal Central de Instru\u00e7\u00e3o Criminal.<\/p>\n<p>A not\u00edcia da recusa pelo juiz Nuno Dias Costa da devolu\u00e7\u00e3o do montante a V\u00edtor Esc\u00e1ria foi avan\u00e7ada pelo <a href=\"https:\/\/expresso.pt\/sociedade\/2025-03-06-operacao-influencer-juiz-recusa-devolver-os-758-mil-que-vitor-escaria-tinha-no-gabinete-do-palacio-de-sao-bento-4ceb9bb2\" target=\"_blank\" rel=\"noreferrer noopener nofollow\">seman\u00e1rio Expresso<\/a>. Segundo o jornal, existem ind\u00edcios da pr\u00e1tica de um crime de recebimento indevido de vantagem. O antigo chefe de gabinete de Ant\u00f3nio Costa tem alegado que se trata de rendimentos de trabalhos no estrangeiro.<\/p>\n","protected":false},"excerpt":{"rendered":"V\u00edtor Esc\u00e1ria, antigo chefe do gabinete de Ant\u00f3nio Costa e arguido na opera\u00e7\u00e3o judicial que levou \u00e0 queda&hellip;\n","protected":false},"author":2,"featured_media":67566,"comment_status":"","ping_status":"","sticky":false,"template":"","format":"standard","meta":{"footnotes":""},"categories":[10],"tags":[27,28,15,16,14,25,26,21,22,12,13,19,20,32,23,24,33,17,18,29,30,31],"class_list":{"0":"post-67565","1":"post","2":"type-post","3":"status-publish","4":"format-standard","5":"has-post-thumbnail","7":"category-portugal","8":"tag-breaking-news","9":"tag-breakingnews","10":"tag-featured-news","11":"tag-featurednews","12":"tag-headlines","13":"tag-latest-news","14":"tag-latestnews","15":"tag-main-news","16":"tag-mainnews","17":"tag-news","18":"tag-noticias","19":"tag-noticias-principais","20":"tag-noticiasprincipais","21":"tag-portugal","22":"tag-principais-noticias","23":"tag-principaisnoticias","24":"tag-pt","25":"tag-top-stories","26":"tag-topstories","27":"tag-ultimas","28":"tag-ultimas-noticias","29":"tag-ultimasnoticias"},"share_on_mastodon":{"url":"","error":""},"_links":{"self":[{"href":"https:\/\/www.europesays.com\/pt\/wp-json\/wp\/v2\/posts\/67565","targetHints":{"allow":["GET"]}}],"collection":[{"href":"https:\/\/www.europesays.com\/pt\/wp-json\/wp\/v2\/posts"}],"about":[{"href":"https:\/\/www.europesays.com\/pt\/wp-json\/wp\/v2\/types\/post"}],"author":[{"embeddable":true,"href":"https:\/\/www.europesays.com\/pt\/wp-json\/wp\/v2\/users\/2"}],"replies":[{"embeddable":true,"href":"https:\/\/www.europesays.com\/pt\/wp-json\/wp\/v2\/comments?post=67565"}],"version-history":[{"count":0,"href":"https:\/\/www.europesays.com\/pt\/wp-json\/wp\/v2\/posts\/67565\/revisions"}],"wp:featuredmedia":[{"embeddable":true,"href":"https:\/\/www.europesays.com\/pt\/wp-json\/wp\/v2\/media\/67566"}],"wp:attachment":[{"href":"https:\/\/www.europesays.com\/pt\/wp-json\/wp\/v2\/media?parent=67565"}],"wp:term":[{"taxonomy":"category","embeddable":true,"href":"https:\/\/www.europesays.com\/pt\/wp-json\/wp\/v2\/categories?post=67565"},{"taxonomy":"post_tag","embeddable":true,"href":"https:\/\/www.europesays.com\/pt\/wp-json\/wp\/v2\/tags?post=67565"}],"curies":[{"name":"wp","href":"https:\/\/api.w.org\/{rel}","templated":true}]}}